{"id":307409,"date":"2021-11-11T12:50:55","date_gmt":"2021-11-11T16:50:55","guid":{"rendered":"http:\/\/diariodominicano.com\/?p=307409"},"modified":"2021-11-11T12:50:55","modified_gmt":"2021-11-11T16:50:55","slug":"policia-recupera-sana-y-salva-nina-recien-nacida-habia-sido-raptada-en-su-vivienda-en-la-vega-apresa-autora-del-hecho","status":"publish","type":"post","link":"https:\/\/diariodominicano.com\/?p=307409","title":{"rendered":"Polic\u00eda recupera sana y salva ni\u00f1a reci\u00e9n nacida hab\u00eda sido raptada en su vivienda en La Vega; apresa autora del hecho"},"content":{"rendered":"\n<p> La autora del rapto ser\u00e1 sometida a la justicia en las pr\u00f3ximas horas.\u00a0<\/p>\n\n\n\n<p><\/p>\n\n\n\n<p>\u00a0 Miembros de la Polic\u00eda Nacional rescataron ayer sana y salva a una reci\u00e9n nacida que horas antes hab\u00eda sido raptada por desconocidos en la vivienda de su madre en el distrito municipal de Cutup\u00fa, provincia La Vega.<\/p>\n\n\n\n<p>La ni\u00f1a de un mes de nacida fue raptada en el momento estaba acostada en su cuna en la sala de la vivienda cuando su madre se encontraba en el ba\u00f1o.<\/p>\n\n\n\n<p>Tras una exhaustiva investigaci\u00f3n, los investigadores policiales establecieron que la beb\u00e9 fue raptada por Anibelca Baldera Cris\u00f3stomo (Any) de 35 a\u00f1os, residente en el sector Arroyo Hondo, de Cutup\u00fa.<\/p>\n\n\n\n<p>La autora hab\u00eda planificado meticulosamente y con anterioridad la manera para apropiarse de la ni\u00f1a reci\u00e9n nacida, y para ello, primero se hizo amiga de la madre, entrando de manera sigilosa a la casa para llevarse la beb\u00e9, sin que se dieran cuenta.<\/p>\n\n\n\n<p>El motivo por el cual cometi\u00f3 el hecho fue que hab\u00eda aparentado que estaba embarazada para simular que la criatura que rapt\u00f3, era la que hab\u00eda dado a luz.<\/p>\n\n\n\n<p>Baldera Cris\u00f3stomo, al ser detenida, admiti\u00f3 haber robado a la menor y dijo que la hab\u00eda llevado a la casa de su madre en el sector Bonagua de la ciudad de La Vega, donde fue entregada en forma voluntaria a las autoridades.<\/p>\n\n\n\n<p>La reci\u00e9n nacida fue trasladada a un centro de salud en la ciudad de La Vega donde los m\u00e9dicos certificaron que estaba en perfecto estado de salud.<\/p>\n\n\n\n<p>Para fines de investigaci\u00f3n la Polic\u00eda detuvo al concubino de la detenida y a otras tres personas para determinar si tuvieron algo que ver en el caso.<\/p>\n\n\n\n<p>La autora del rapto ser\u00e1 sometida a la justicia en las pr\u00f3ximas horas.\u00a0<\/p>\n\n\n\n<p>\u00a0<strong>Prensa Polic\u00eda Nacional<\/strong><\/p>\n","protected":false},"excerpt":{"rendered":"<p>La autora del rapto ser\u00e1 sometida a la justicia en las pr\u00f3ximas horas.\u00a0 \u00a0 Miembros de la Polic\u00eda Nacional rescataron ayer sana y salva a una reci\u00e9n nacida que horas antes hab\u00eda sido raptada por desconocidos en la vivienda de su madre en el distrito municipal de Cutup\u00fa, provincia La Vega. La ni\u00f1a de un [&hellip;]<\/p>\n","protected":false},"author":2,"featured_media":0,"comment_status":"closed","ping_status":"","sticky":true,"template":"","format":"standard","meta":{"footnotes":""},"categories":[24,27],"tags":[],"class_list":["post-307409","post","type-post","status-publish","format-standard","hentry","category-justicia-y-derecho","category-portada"],"_links":{"self":[{"href":"https:\/\/diariodominicano.com\/index.php?rest_route=\/wp\/v2\/posts\/307409","targetHints":{"allow":["GET"]}}],"collection":[{"href":"https:\/\/diariodominicano.com\/index.php?rest_route=\/wp\/v2\/posts"}],"about":[{"href":"https:\/\/diariodominicano.com\/index.php?rest_route=\/wp\/v2\/types\/post"}],"author":[{"embeddable":true,"href":"https:\/\/diariodominicano.com\/index.php?rest_route=\/wp\/v2\/users\/2"}],"replies":[{"embeddable":true,"href":"https:\/\/diariodominicano.com\/index.php?rest_route=%2Fwp%2Fv2%2Fcomments&post=307409"}],"version-history":[{"count":1,"href":"https:\/\/diariodominicano.com\/index.php?rest_route=\/wp\/v2\/posts\/307409\/revisions"}],"predecessor-version":[{"id":307416,"href":"https:\/\/diariodominicano.com\/index.php?rest_route=\/wp\/v2\/posts\/307409\/revisions\/307416"}],"wp:attachment":[{"href":"https:\/\/diariodominicano.com\/index.php?rest_route=%2Fwp%2Fv2%2Fmedia&parent=307409"}],"wp:term":[{"taxonomy":"category","embeddable":true,"href":"https:\/\/diariodominicano.com\/index.php?rest_route=%2Fwp%2Fv2%2Fcategories&post=307409"},{"taxonomy":"post_tag","embeddable":true,"href":"https:\/\/diariodominicano.com\/index.php?rest_route=%2Fwp%2Fv2%2Ftags&post=307409"}],"curies":[{"name":"wp","href":"https:\/\/api.w.org\/{rel}","templated":true}]}}