{"id":307386,"date":"2021-11-11T12:17:22","date_gmt":"2021-11-11T16:17:22","guid":{"rendered":"http:\/\/diariodominicano.com\/?p=307386"},"modified":"2021-11-11T12:17:22","modified_gmt":"2021-11-11T16:17:22","slug":"ninas-escarlata-fue-uno-de-los-proyectos-seleccionados-en-dok-co-pro-market","status":"publish","type":"post","link":"https:\/\/diariodominicano.com\/?p=307386","title":{"rendered":"\u201cNi\u00f1as Escarlata\u201d  fue uno de los proyectos seleccionados en \u201cDOK Co-Pro Market\u201d"},"content":{"rendered":"\n<p>A finales del mes de Octubre del presente a\u00f1o, tom\u00f3 lugar el anual mercado de coproducci\u00f3n del prestigioso festival de cine documental \u201cDOK Leipzig\u201d en la ciudad de Leipzig, Alemania. El llamado \u201cDOK Co-Pro Market\u201d selecciona anualmente 35 proyectos para participar en el mercado, de m\u00e1s de 200 aplicaciones. El largometraje documental en desarrollo, \u201cNi\u00f1as Escarlata,\u201d producido por la casa productora Cristal Cine y dirigido por Paula Cury Melo, fue uno de los proyectos seleccionados. Cury tuvo la oportunidad de asistir al mercado y conversar con productores, distribuidores, agentes de venta y dem\u00e1s profesionales de la industria cinematogr\u00e1fica para dialogar sobre posibilidades de colaboraci\u00f3n en torno al proyecto en desarrollo \u201cNi\u00f1as Escarlata.\u201d\u00a0<\/p>\n\n\n\n<div class=\"wp-block-jetpack-slideshow aligncenter\" data-effect=\"slide\"><div class=\"wp-block-jetpack-slideshow_container swiper-container\"><ul class=\"wp-block-jetpack-slideshow_swiper-wrapper swiper-wrapper\"><li class=\"wp-block-jetpack-slideshow_slide swiper-slide\"><figure><img loading=\"lazy\" decoding=\"async\" width=\"787\" height=\"855\" alt=\"\" class=\"wp-block-jetpack-slideshow_image wp-image-307400\" data-id=\"307400\" src=\"https:\/\/diariodominicano.com\/wp-content\/uploads\/2021\/11\/DOK-CoProEroeffnung_VConzelmann_5564.jpg\" srcset=\"https:\/\/diariodominicano.com\/wp-content\/uploads\/2021\/11\/DOK-CoProEroeffnung_VConzelmann_5564.jpg 787w, https:\/\/diariodominicano.com\/wp-content\/uploads\/2021\/11\/DOK-CoProEroeffnung_VConzelmann_5564-276x300.jpg 276w, https:\/\/diariodominicano.com\/wp-content\/uploads\/2021\/11\/DOK-CoProEroeffnung_VConzelmann_5564-768x834.jpg 768w\" sizes=\"auto, (max-width: 787px) 100vw, 787px\" \/><\/figure><\/li><li class=\"wp-block-jetpack-slideshow_slide swiper-slide\"><figure><img loading=\"lazy\" decoding=\"async\" width=\"799\" height=\"797\" alt=\"\" class=\"wp-block-jetpack-slideshow_image wp-image-307399\" data-id=\"307399\" src=\"https:\/\/diariodominicano.com\/wp-content\/uploads\/2021\/11\/DOK-CoProEroeffnung_VConzelmann_5561.jpg\" srcset=\"https:\/\/diariodominicano.com\/wp-content\/uploads\/2021\/11\/DOK-CoProEroeffnung_VConzelmann_5561.jpg 799w, https:\/\/diariodominicano.com\/wp-content\/uploads\/2021\/11\/DOK-CoProEroeffnung_VConzelmann_5561-300x300.jpg 300w, https:\/\/diariodominicano.com\/wp-content\/uploads\/2021\/11\/DOK-CoProEroeffnung_VConzelmann_5561-150x150.jpg 150w, https:\/\/diariodominicano.com\/wp-content\/uploads\/2021\/11\/DOK-CoProEroeffnung_VConzelmann_5561-768x766.jpg 768w, https:\/\/diariodominicano.com\/wp-content\/uploads\/2021\/11\/DOK-CoProEroeffnung_VConzelmann_5561-88x88.jpg 88w\" sizes=\"auto, (max-width: 799px) 100vw, 799px\" \/><\/figure><\/li><li class=\"wp-block-jetpack-slideshow_slide swiper-slide\"><figure><img loading=\"lazy\" decoding=\"async\" width=\"783\" height=\"577\" alt=\"\" class=\"wp-block-jetpack-slideshow_image wp-image-307398\" data-id=\"307398\" src=\"https:\/\/diariodominicano.com\/wp-content\/uploads\/2021\/11\/DOK-CoProEroeffnung_VConzelmann_5145.jpg\" srcset=\"https:\/\/diariodominicano.com\/wp-content\/uploads\/2021\/11\/DOK-CoProEroeffnung_VConzelmann_5145.jpg 783w, https:\/\/diariodominicano.com\/wp-content\/uploads\/2021\/11\/DOK-CoProEroeffnung_VConzelmann_5145-300x221.jpg 300w, https:\/\/diariodominicano.com\/wp-content\/uploads\/2021\/11\/DOK-CoProEroeffnung_VConzelmann_5145-768x566.jpg 768w\" sizes=\"auto, (max-width: 783px) 100vw, 783px\" \/><\/figure><\/li><li class=\"wp-block-jetpack-slideshow_slide swiper-slide\"><figure><img loading=\"lazy\" decoding=\"async\" width=\"791\" height=\"601\" alt=\"\" class=\"wp-block-jetpack-slideshow_image wp-image-307397\" data-id=\"307397\" src=\"https:\/\/diariodominicano.com\/wp-content\/uploads\/2021\/11\/DOK-CoProEroeffnung_VConzelmann_5142.jpg\" srcset=\"https:\/\/diariodominicano.com\/wp-content\/uploads\/2021\/11\/DOK-CoProEroeffnung_VConzelmann_5142.jpg 791w, https:\/\/diariodominicano.com\/wp-content\/uploads\/2021\/11\/DOK-CoProEroeffnung_VConzelmann_5142-300x228.jpg 300w, https:\/\/diariodominicano.com\/wp-content\/uploads\/2021\/11\/DOK-CoProEroeffnung_VConzelmann_5142-768x584.jpg 768w\" sizes=\"auto, (max-width: 791px) 100vw, 791px\" \/><\/figure><\/li><\/ul><a class=\"wp-block-jetpack-slideshow_button-prev swiper-button-prev swiper-button-white\" role=\"button\"><\/a><a class=\"wp-block-jetpack-slideshow_button-next swiper-button-next swiper-button-white\" role=\"button\"><\/a><a aria-label=\"Pause Slideshow\" class=\"wp-block-jetpack-slideshow_button-pause\" role=\"button\"><\/a><div class=\"wp-block-jetpack-slideshow_pagination swiper-pagination swiper-pagination-white\"><\/div><\/div><\/div>\n\n\n\n<p>El documental busca retratar las experiencias de mujeres que han abortado en la Rep\u00fablica Dominicana. En Abril de este a\u00f1o, Cristal Cine lanz\u00f3 una campa\u00f1a invitando a j\u00f3venes y mujeres alrededor del pa\u00eds a que compartan sus testimonios confidenciales a trav\u00e9s de un formulario que se encuentra en las redes sociales de @CristalCine, incluyendo Instagram, Facebook y Twitter, o escaneando el c\u00f3digo QR que se encuentra en el afiche oficial.<\/p>\n","protected":false},"excerpt":{"rendered":"<p>A finales del mes de Octubre del presente a\u00f1o, tom\u00f3 lugar el anual mercado de coproducci\u00f3n del prestigioso festival de cine documental \u201cDOK Leipzig\u201d en la ciudad de Leipzig, Alemania. El llamado \u201cDOK Co-Pro Market\u201d selecciona anualmente 35 proyectos para participar en el mercado, de m\u00e1s de 200 aplicaciones. El largometraje documental en desarrollo, \u201cNi\u00f1as [&hellip;]<\/p>\n","protected":false},"author":7,"featured_media":307397,"comment_status":"closed","ping_status":"","sticky":true,"template":"","format":"standard","meta":{"footnotes":""},"categories":[25,27],"tags":[],"class_list":["post-307386","post","type-post","status-publish","format-standard","has-post-thumbnail","hentry","category-gente","category-portada"],"_links":{"self":[{"href":"https:\/\/diariodominicano.com\/index.php?rest_route=\/wp\/v2\/posts\/307386","targetHints":{"allow":["GET"]}}],"collection":[{"href":"https:\/\/diariodominicano.com\/index.php?rest_route=\/wp\/v2\/posts"}],"about":[{"href":"https:\/\/diariodominicano.com\/index.php?rest_route=\/wp\/v2\/types\/post"}],"author":[{"embeddable":true,"href":"https:\/\/diariodominicano.com\/index.php?rest_route=\/wp\/v2\/users\/7"}],"replies":[{"embeddable":true,"href":"https:\/\/diariodominicano.com\/index.php?rest_route=%2Fwp%2Fv2%2Fcomments&post=307386"}],"version-history":[{"count":1,"href":"https:\/\/diariodominicano.com\/index.php?rest_route=\/wp\/v2\/posts\/307386\/revisions"}],"predecessor-version":[{"id":307401,"href":"https:\/\/diariodominicano.com\/index.php?rest_route=\/wp\/v2\/posts\/307386\/revisions\/307401"}],"wp:featuredmedia":[{"embeddable":true,"href":"https:\/\/diariodominicano.com\/index.php?rest_route=\/wp\/v2\/media\/307397"}],"wp:attachment":[{"href":"https:\/\/diariodominicano.com\/index.php?rest_route=%2Fwp%2Fv2%2Fmedia&parent=307386"}],"wp:term":[{"taxonomy":"category","embeddable":true,"href":"https:\/\/diariodominicano.com\/index.php?rest_route=%2Fwp%2Fv2%2Fcategories&post=307386"},{"taxonomy":"post_tag","embeddable":true,"href":"https:\/\/diariodominicano.com\/index.php?rest_route=%2Fwp%2Fv2%2Ftags&post=307386"}],"curies":[{"name":"wp","href":"https:\/\/api.w.org\/{rel}","templated":true}]}}