{"id":307348,"date":"2021-11-11T03:37:08","date_gmt":"2021-11-11T07:37:08","guid":{"rendered":"http:\/\/diariodominicano.com\/?p=307348"},"modified":"2021-11-11T03:37:58","modified_gmt":"2021-11-11T07:37:58","slug":"exenfermeras-rd-en-nyc-efectuaran-reencuentro-en-el-bronx","status":"publish","type":"post","link":"https:\/\/diariodominicano.com\/?p=307348","title":{"rendered":"Exenfermeras RD en NYC efectuar\u00e1n reencuentro en El Bronx"},"content":{"rendered":"\n<p><strong>Por Ram\u00f3n Mercedes<\/strong><\/p>\n\n\n\n<p><strong>NUEVA YORK.-<\/strong>&nbsp;Decenas de exenfermeras y trabajadores dominicanos residentes en esta ciudad, que laboraron en la d\u00e9cada del 80 en la cl\u00ednica Corominas en Santiago de los Caballeros, efectuar\u00e1n un reencuentro este s\u00e1bado en El Bronx.<\/p>\n\n\n\n<p>Ramona Gonz\u00e1lez de Torres, coordinadora del evento, expres\u00f3 que el objetivo del mismo es establecer comunicaci\u00f3n, porque estamos regada en todo el mundo, y vendr\u00e1n varias de nuestras excompa\u00f1eras desde la Rep\u00fablica Dominicana y diferentes estados de Estados Unidos\u201d, indic\u00f3.<\/p>\n\n\n\n<p>\u201cTenemos que reencontrarnos despu\u00e9s de toda esta mala experiencia que ha vivido el mundo con la pandemia del Covid-19\u201d, precis\u00f3.<\/p>\n\n\n\n<p>A la actividad asistir\u00e1n representantes de diferentes sectores de la comunidad en la Gran Manzana, as\u00ed como el p\u00fablico en general.<\/p>\n\n\n\n<p>El evento ser\u00e1 en los exclusivos salones de \u201cMaestro&#8217;s Caterers\u201d, ubicado en el 1703 de la avenida Bronxdale, Bronx, NY 10462, a partir de las 12:00 del mediod\u00eda hasta las 5:00 de la tarde.<\/p>\n\n\n\n<p>Habr\u00e1 parqueo gratis, rifas y entretenimiento musical, entre otras cosas. Para mayor informaci\u00f3n llamar al 917-826-0510.<\/p>\n","protected":false},"excerpt":{"rendered":"<p>Por Ram\u00f3n Mercedes NUEVA YORK.-&nbsp;Decenas de exenfermeras y trabajadores dominicanos residentes en esta ciudad, que laboraron en la d\u00e9cada del 80 en la cl\u00ednica Corominas en Santiago de los Caballeros, efectuar\u00e1n un reencuentro este s\u00e1bado en El Bronx. Ramona Gonz\u00e1lez de Torres, coordinadora del evento, expres\u00f3 que el objetivo del mismo es establecer comunicaci\u00f3n, porque [&hellip;]<\/p>\n","protected":false},"author":7,"featured_media":307366,"comment_status":"closed","ping_status":"","sticky":true,"template":"","format":"standard","meta":{"footnotes":""},"categories":[23,27],"tags":[],"class_list":["post-307348","post","type-post","status-publish","format-standard","has-post-thumbnail","hentry","category-internacional","category-portada"],"_links":{"self":[{"href":"https:\/\/diariodominicano.com\/index.php?rest_route=\/wp\/v2\/posts\/307348","targetHints":{"allow":["GET"]}}],"collection":[{"href":"https:\/\/diariodominicano.com\/index.php?rest_route=\/wp\/v2\/posts"}],"about":[{"href":"https:\/\/diariodominicano.com\/index.php?rest_route=\/wp\/v2\/types\/post"}],"author":[{"embeddable":true,"href":"https:\/\/diariodominicano.com\/index.php?rest_route=\/wp\/v2\/users\/7"}],"replies":[{"embeddable":true,"href":"https:\/\/diariodominicano.com\/index.php?rest_route=%2Fwp%2Fv2%2Fcomments&post=307348"}],"version-history":[{"count":1,"href":"https:\/\/diariodominicano.com\/index.php?rest_route=\/wp\/v2\/posts\/307348\/revisions"}],"predecessor-version":[{"id":307367,"href":"https:\/\/diariodominicano.com\/index.php?rest_route=\/wp\/v2\/posts\/307348\/revisions\/307367"}],"wp:featuredmedia":[{"embeddable":true,"href":"https:\/\/diariodominicano.com\/index.php?rest_route=\/wp\/v2\/media\/307366"}],"wp:attachment":[{"href":"https:\/\/diariodominicano.com\/index.php?rest_route=%2Fwp%2Fv2%2Fmedia&parent=307348"}],"wp:term":[{"taxonomy":"category","embeddable":true,"href":"https:\/\/diariodominicano.com\/index.php?rest_route=%2Fwp%2Fv2%2Fcategories&post=307348"},{"taxonomy":"post_tag","embeddable":true,"href":"https:\/\/diariodominicano.com\/index.php?rest_route=%2Fwp%2Fv2%2Ftags&post=307348"}],"curies":[{"name":"wp","href":"https:\/\/api.w.org\/{rel}","templated":true}]}}