{"id":307347,"date":"2021-11-11T03:38:29","date_gmt":"2021-11-11T07:38:29","guid":{"rendered":"http:\/\/diariodominicano.com\/?p=307347"},"modified":"2021-11-11T03:38:29","modified_gmt":"2021-11-11T07:38:29","slug":"destacan-periodismo-dominicano-alcanza-mayores-espacios-ny","status":"publish","type":"post","link":"https:\/\/diariodominicano.com\/?p=307347","title":{"rendered":"Destacan periodismo dominicano alcanza mayores espacios NY"},"content":{"rendered":"\n<p>\u00bf<strong>Por Ram\u00f3n Mercedes<\/strong><\/p>\n\n\n\n<p><strong>NUEVA YORK.-<\/strong>&nbsp;Periodistas dominicanos en esta ciudad destacaron que con la escogencia del colega Jonathan Inoa como nuevo presentador de \u201cNoticias Univisi\u00f3n 41, Solo a las 11\u201d el periodismo dominicano va alcanzando mayores espacios en la televisi\u00f3n hispana de los Estados Unidos.<\/p>\n\n\n\n<p>Expresan los comunicadores quisqueyanos que con Inoa -que tiene tres d\u00e9cadas laborando como periodista en la Gran Manzana- se reflejar\u00e1 diariamente en la pantalla de \u201cUnivisi\u00f3n 41-Solo a las 11\u201d&nbsp;la cara de la comunidad dominicana.<\/p>\n\n\n\n<p>Su comparecencia viene ampliar la presencia de la dominicanidad en la Metr\u00f3poli y el mundo, como la de otros varios colegas que tambi\u00e9n laboran en otros canales televisivos en NYC y dem\u00e1s estados.<\/p>\n\n\n\n<p>En 2004, Inoa se uni\u00f3 al equipo de \u201cNY1 Noticias\u201d, donde trabaj\u00f3 por 17 a\u00f1os cubriendo importantes eventos como periodista de asignaci\u00f3n general, muchos de ellos reportando a diario las incidencias en los vecindarios de Washington Heights e Inwood, en el Alto Manhattan, junto a nosotros, sostienen.&nbsp;<\/p>\n\n\n\n<p>Especificaron que el veterano comunicador se une a la tambi\u00e9n periodista dominicana Esperanza Ceballos para presentar dicho noticiario.<\/p>\n\n\n\n<p>Inoa comenz\u00f3 su carrera de adolescente en la emisora \u201cRadio Oasis\u201d en la Rep\u00fablica Dominicana, y se gradu\u00f3 de la City University of New York.<\/p>\n\n\n\n<p>En USA labor\u00f3 para WHCR, 90.3 FM y Radio Cumbre; 1450 AM en Connecticut. Adem\u00e1s; productor de CIMA TV y produjo dos documentales para la compa\u00f1\u00eda JCV Productions, \u201cAs\u00ed es RD\u201d y \u201cAs\u00ed es NY\u201d.<\/p>\n\n\n\n<p>Entre los periodistas quisqueyanos que destacan su designaci\u00f3n figura el autor de esta cr\u00f3nica; el reportero de Telemicro Internacional, Manuel Ru\u00edz; Miguel Cruz Tejada, de varios medios; el director de Revista TV Quisqueya, Rafael D\u00edaz; el columnista Rom\u00e1n Polanco; y el director de \u201cZabala al D\u00eda TV M\u00e1s\u201d, Jos\u00e9 Zabala.<\/p>\n\n\n\n<p>Asimismo, los ex secretarios generales del Colegio Dominicano de Periodistas (CDP-NY) Erasmo Chalas y Dar\u00edo Abreu, los camar\u00f3grafos, Tomas Espinal, Jos\u00e9 Carbucia, y Juan Jos\u00e9 Hiciano.<\/p>\n\n\n\n<p>Adem\u00e1s, el publicista y mercad\u00f3logo El\u00edas Barreras Corpor\u00e1n; fot\u00f3grafo Ambiorix D\u00edaz; Luis Amad\u00eds; y F\u00e9lix Grand, sub director del peri\u00f3dico El Taxista, entre otros <\/p>\n","protected":false},"excerpt":{"rendered":"<p>\u00bfPor Ram\u00f3n Mercedes NUEVA YORK.-&nbsp;Periodistas dominicanos en esta ciudad destacaron que con la escogencia del colega Jonathan Inoa como nuevo presentador de \u201cNoticias Univisi\u00f3n 41, Solo a las 11\u201d el periodismo dominicano va alcanzando mayores espacios en la televisi\u00f3n hispana de los Estados Unidos. Expresan los comunicadores quisqueyanos que con Inoa -que tiene tres d\u00e9cadas [&hellip;]<\/p>\n","protected":false},"author":7,"featured_media":307365,"comment_status":"closed","ping_status":"","sticky":false,"template":"","format":"standard","meta":{"footnotes":""},"categories":[23,27],"tags":[],"class_list":["post-307347","post","type-post","status-publish","format-standard","has-post-thumbnail","hentry","category-internacional","category-portada"],"_links":{"self":[{"href":"https:\/\/diariodominicano.com\/index.php?rest_route=\/wp\/v2\/posts\/307347","targetHints":{"allow":["GET"]}}],"collection":[{"href":"https:\/\/diariodominicano.com\/index.php?rest_route=\/wp\/v2\/posts"}],"about":[{"href":"https:\/\/diariodominicano.com\/index.php?rest_route=\/wp\/v2\/types\/post"}],"author":[{"embeddable":true,"href":"https:\/\/diariodominicano.com\/index.php?rest_route=\/wp\/v2\/users\/7"}],"replies":[{"embeddable":true,"href":"https:\/\/diariodominicano.com\/index.php?rest_route=%2Fwp%2Fv2%2Fcomments&post=307347"}],"version-history":[{"count":1,"href":"https:\/\/diariodominicano.com\/index.php?rest_route=\/wp\/v2\/posts\/307347\/revisions"}],"predecessor-version":[{"id":307369,"href":"https:\/\/diariodominicano.com\/index.php?rest_route=\/wp\/v2\/posts\/307347\/revisions\/307369"}],"wp:featuredmedia":[{"embeddable":true,"href":"https:\/\/diariodominicano.com\/index.php?rest_route=\/wp\/v2\/media\/307365"}],"wp:attachment":[{"href":"https:\/\/diariodominicano.com\/index.php?rest_route=%2Fwp%2Fv2%2Fmedia&parent=307347"}],"wp:term":[{"taxonomy":"category","embeddable":true,"href":"https:\/\/diariodominicano.com\/index.php?rest_route=%2Fwp%2Fv2%2Fcategories&post=307347"},{"taxonomy":"post_tag","embeddable":true,"href":"https:\/\/diariodominicano.com\/index.php?rest_route=%2Fwp%2Fv2%2Ftags&post=307347"}],"curies":[{"name":"wp","href":"https:\/\/api.w.org\/{rel}","templated":true}]}}