{"id":307331,"date":"2021-11-10T23:18:30","date_gmt":"2021-11-11T03:18:30","guid":{"rendered":"http:\/\/diariodominicano.com\/?p=307331"},"modified":"2021-11-11T01:48:25","modified_gmt":"2021-11-11T05:48:25","slug":"director-pn-anuncia-defendera-buenas-actuaciones-de-agentes-bajo-su-mando-contrata-equipo-abogados-civiles","status":"publish","type":"post","link":"https:\/\/diariodominicano.com\/?p=307331","title":{"rendered":"Director PN anuncia defender\u00e1 buenas actuaciones de agentes bajo su mando; contrata equipo abogados civiles"},"content":{"rendered":"\n<p><strong>Santo Domingo, RD, |0 de noviembre 2021.-<\/strong> El director general de la Polic\u00eda Nacional, mayor general Eduardo Alberto Then, anunci\u00f3 hoy que respaldar\u00e1 de manera legal las actuaciones del personal bajo su mando, que est\u00e9n apegadas a la Constituci\u00f3n, las normas y leyes.<\/p>\n\n\n\n<p><strong>De igual forma, el mayor general Alberto Then inform\u00f3 que design\u00f3 un equipo de abogados civiles para que, en coordinaci\u00f3n con la Direcci\u00f3n de Asuntos Legales de la instituci\u00f3n, asuman la defensa de los polic\u00edas que en el ejercicio de sus funciones se vean involucrados en situaciones que lleguen a los tribunales.<\/strong><\/p>\n\n\n\n<p>\u201cVamos a defender las buenas actuaciones de nuestros agentes policiales, sin importar su rango\u201d, dijo el director general de la Polic\u00eda.<\/p>\n\n\n\n<p>Agreg\u00f3 que no dejar\u00e1 solos a los polic\u00edas que en el ejercicio de sus funciones realicen actuaciones correctas y como resultado de estas se vean envueltos en conflictos judiciales.<\/p>\n\n\n\n<p>De igual forma, el director policial explic\u00f3 que el equipo de abogados contratados asumir\u00e1 la defensa de los intereses de la instituci\u00f3n frente a terceros, acci\u00f3n que tambi\u00e9n llevar\u00e1 de manera conjunta con la Direcci\u00f3n Legal. Entre los juristas contratados figuran oficiales policiales en condici\u00f3n de retiro.<\/p>\n\n\n\n<p>La medida fue adoptada en virtud de las atribuciones que le concede el art\u00edculo 28, numerales 4 y 5 de la Ley 590-16 org\u00e1nica de la Polic\u00eda Nacional, el cual establece que el director general de la Polic\u00eda tiene la atribuci\u00f3n de hacer nombramientos y contrataciones de personal que entienda necesario. De igual forma, ejercer la representaci\u00f3n judicial y extrajudicial de la instituci\u00f3n.<\/p>\n\n\n\n<p>Prensa Policia Nacional<a target=\"_blank\" href=\"mailto:prensadigitalpn@gmail.com\" rel=\"noreferrer noopener\">prensadigitalpn@gmail.com<\/a><\/p>\n","protected":false},"excerpt":{"rendered":"<p>Santo Domingo, RD, |0 de noviembre 2021.- El director general de la Polic\u00eda Nacional, mayor general Eduardo Alberto Then, anunci\u00f3 hoy que respaldar\u00e1 de manera legal las actuaciones del personal bajo su mando, que est\u00e9n apegadas a la Constituci\u00f3n, las normas y leyes. De igual forma, el mayor general Alberto Then inform\u00f3 que design\u00f3 un [&hellip;]<\/p>\n","protected":false},"author":2,"featured_media":285930,"comment_status":"closed","ping_status":"","sticky":true,"template":"","format":"standard","meta":{"footnotes":""},"categories":[24,27],"tags":[],"class_list":["post-307331","post","type-post","status-publish","format-standard","has-post-thumbnail","hentry","category-justicia-y-derecho","category-portada"],"_links":{"self":[{"href":"https:\/\/diariodominicano.com\/index.php?rest_route=\/wp\/v2\/posts\/307331","targetHints":{"allow":["GET"]}}],"collection":[{"href":"https:\/\/diariodominicano.com\/index.php?rest_route=\/wp\/v2\/posts"}],"about":[{"href":"https:\/\/diariodominicano.com\/index.php?rest_route=\/wp\/v2\/types\/post"}],"author":[{"embeddable":true,"href":"https:\/\/diariodominicano.com\/index.php?rest_route=\/wp\/v2\/users\/2"}],"replies":[{"embeddable":true,"href":"https:\/\/diariodominicano.com\/index.php?rest_route=%2Fwp%2Fv2%2Fcomments&post=307331"}],"version-history":[{"count":1,"href":"https:\/\/diariodominicano.com\/index.php?rest_route=\/wp\/v2\/posts\/307331\/revisions"}],"predecessor-version":[{"id":307332,"href":"https:\/\/diariodominicano.com\/index.php?rest_route=\/wp\/v2\/posts\/307331\/revisions\/307332"}],"wp:featuredmedia":[{"embeddable":true,"href":"https:\/\/diariodominicano.com\/index.php?rest_route=\/wp\/v2\/media\/285930"}],"wp:attachment":[{"href":"https:\/\/diariodominicano.com\/index.php?rest_route=%2Fwp%2Fv2%2Fmedia&parent=307331"}],"wp:term":[{"taxonomy":"category","embeddable":true,"href":"https:\/\/diariodominicano.com\/index.php?rest_route=%2Fwp%2Fv2%2Fcategories&post=307331"},{"taxonomy":"post_tag","embeddable":true,"href":"https:\/\/diariodominicano.com\/index.php?rest_route=%2Fwp%2Fv2%2Ftags&post=307331"}],"curies":[{"name":"wp","href":"https:\/\/api.w.org\/{rel}","templated":true}]}}