{"id":307328,"date":"2021-11-10T23:04:27","date_gmt":"2021-11-11T03:04:27","guid":{"rendered":"http:\/\/diariodominicano.com\/?p=307328"},"modified":"2021-11-10T23:04:27","modified_gmt":"2021-11-11T03:04:27","slug":"banreservas-inaugura-expomovil-con-tasas-desde-4-80","status":"publish","type":"post","link":"https:\/\/diariodominicano.com\/?p=307328","title":{"rendered":"Banreservas inaugura Expom\u00f3vil con tasas desde 4.80%"},"content":{"rendered":"\n<p><\/p>\n\n\n\n<p><em><strong>Los adquirientes de veh\u00edculos personales realizar\u00e1n su primer pago en febrero de 2022<\/strong><\/em><\/p>\n\n\n\n<p><strong>Santo Domingo, RD.-<\/strong> El Banco de Reservas inaugur\u00f3 su feria automovil\u00edstica Exp\u00f3movil 2021 con una extraordinaria tasa de 4.80% fija a seis meses para veh\u00edculos h\u00edbridos y el\u00e9ctricos; y de 5.80% a igual per\u00edodo para unidades tradicionales.<\/p>\n\n\n\n<p>El administrador general Samuel Pereyra explic\u00f3 que la feria otorgar\u00e1, adem\u00e1s, el 90% de financiamiento del total del veh\u00edculo. Tambi\u00e9n conceder\u00e1 a los adquirientes de unidades para uso personal la posibilidad de realizar el primer pago en febrero de 2022, y optar por la modalidad de Cuota M\u00f3vil, que les permitir\u00e1 reducir los pagos mensuales hasta un 30%.<\/p>\n\n\n\n<p>A\u00f1adi\u00f3 que las dem\u00e1s tasas aprobadas para veh\u00edculos de uso personal (tradicionales) son de 7.25%, fija a 12 meses; 7.80% a 36 meses, y 8.80% a 60 meses, mientras que para veh\u00edculos h\u00edbridos y el\u00e9ctricos se fijaron: 5.80% a 12 meses; 7.80% a 36 meses; y 8.80%, a 60 meses.&nbsp;<\/p>\n\n\n\n<p>Las unidades para uso comercial tienen tasas de 7.25% a seis meses; 7.80% a 12 meses; 8.80% a 36 meses; y 9.80% a 60 meses; y para veh\u00edculos usados, una tasa fija de 9.80% a 12 meses.<\/p>\n\n\n\n<p>Expom\u00f3vil Banreservas se efectuar\u00e1 desde este jueves 11 hasta el domingo 14 de noviembre de forma simult\u00e1nea en m\u00e1s de 250 dealers y concesionarios de todo el pa\u00eds, explic\u00f3 Pereyra.<\/p>\n\n\n\n<p>Durante la feria, las familias, los propietarios de establecimientos comerciales y las empresas tendr\u00e1n la oportunidad de adquirir un veh\u00edculo en condiciones especiales de financiamiento.<\/p>\n\n\n\n<p>&nbsp;\u201cEl que tiene un negocio y ganas de prosperar merece la oportunidad de mejorar\u201d, sostuvo Pereyra, al tiempo de ratificar el compromiso de la instituci\u00f3n financiera de \u201crespaldar firmemente al sector empresarial, columna vital para la econom\u00eda y acercar los servicios a la gente\u201d.<\/p>\n\n\n\n<p><strong>Facilidades de la feria<\/strong><\/p>\n\n\n\n<p>Este a\u00f1o, todas las gestiones se podr\u00e1n hacer en l\u00ednea, a trav\u00e9s de los diferentes canales que el Banco habilit\u00f3, as\u00ed como en los m\u00e1s de 300 oficinas de Banreservas en todo el pa\u00eds.<\/p>\n\n\n\n<p>Mediante Seguros Reservas, el Banco conceder\u00e1 a los adquirientes beneficios como asistencia vial gratuita de Rescate 365, servicio de movilidad, cobertura de vida y cobertura de segunda opini\u00f3n m\u00e9dica para el titular y plan de \u00faltimos gastos.<\/p>\n\n\n\n<p>Banreservas tambi\u00e9n dispuso premios para los clientes. Mediante sorteos se escoger\u00e1 un ganador del financiamiento del primer a\u00f1o de la cuota del pr\u00e9stamo y seguro gratis; as\u00ed como financiamiento del primer a\u00f1o de seguro gratis para diez ganadores y p\u00f3liza de seguro incluida durante la vida del pr\u00e9stamo.&nbsp;<\/p>\n\n\n\n<p>El cat\u00e1logo de veh\u00edculos nuevos y usados est\u00e1 disponible en <a href=\"http:\/\/www.banreservas.com\/expomovil\">www.banreservas.com\/expomovil<\/a>. Los interesados tienen la opci\u00f3n de precalificarse a trav\u00e9s de WhatsApp, al n\u00famero 809-960-2120; o completar el requerimiento v\u00eda online, accediendo al referido minisite, donde tambi\u00e9n pueden calcular sus cuotas y chatear con un representante. &nbsp;<\/p>\n\n\n\n<p>La inauguraci\u00f3n de Expom\u00f3vil Banreservas se efectu\u00f3 en <em>Marmotech <\/em><em>Desi<\/em><em>gn Center<\/em>, ubicado en la Roberto Pastoriza 164, con la presencia de las principales casas importadoras de veh\u00edculos, dealers y ejecutivos de Banreservas.<\/p>\n\n\n\n<p><strong>Direcci\u00f3n General de Relaciones P\u00fablicas. &nbsp;10&nbsp; Noviembre de 2021<\/strong><strong>.<\/strong><\/p>\n","protected":false},"excerpt":{"rendered":"<p>Los adquirientes de veh\u00edculos personales realizar\u00e1n su primer pago en febrero de 2022 Santo Domingo, RD.- El Banco de Reservas inaugur\u00f3 su feria automovil\u00edstica Exp\u00f3movil 2021 con una extraordinaria tasa de 4.80% fija a seis meses para veh\u00edculos h\u00edbridos y el\u00e9ctricos; y de 5.80% a igual per\u00edodo para unidades tradicionales. El administrador general Samuel Pereyra [&hellip;]<\/p>\n","protected":false},"author":2,"featured_media":307329,"comment_status":"closed","ping_status":"","sticky":true,"template":"","format":"standard","meta":{"footnotes":""},"categories":[18,27],"tags":[],"class_list":["post-307328","post","type-post","status-publish","format-standard","has-post-thumbnail","hentry","category-economia","category-portada"],"_links":{"self":[{"href":"https:\/\/diariodominicano.com\/index.php?rest_route=\/wp\/v2\/posts\/307328","targetHints":{"allow":["GET"]}}],"collection":[{"href":"https:\/\/diariodominicano.com\/index.php?rest_route=\/wp\/v2\/posts"}],"about":[{"href":"https:\/\/diariodominicano.com\/index.php?rest_route=\/wp\/v2\/types\/post"}],"author":[{"embeddable":true,"href":"https:\/\/diariodominicano.com\/index.php?rest_route=\/wp\/v2\/users\/2"}],"replies":[{"embeddable":true,"href":"https:\/\/diariodominicano.com\/index.php?rest_route=%2Fwp%2Fv2%2Fcomments&post=307328"}],"version-history":[{"count":1,"href":"https:\/\/diariodominicano.com\/index.php?rest_route=\/wp\/v2\/posts\/307328\/revisions"}],"predecessor-version":[{"id":307330,"href":"https:\/\/diariodominicano.com\/index.php?rest_route=\/wp\/v2\/posts\/307328\/revisions\/307330"}],"wp:featuredmedia":[{"embeddable":true,"href":"https:\/\/diariodominicano.com\/index.php?rest_route=\/wp\/v2\/media\/307329"}],"wp:attachment":[{"href":"https:\/\/diariodominicano.com\/index.php?rest_route=%2Fwp%2Fv2%2Fmedia&parent=307328"}],"wp:term":[{"taxonomy":"category","embeddable":true,"href":"https:\/\/diariodominicano.com\/index.php?rest_route=%2Fwp%2Fv2%2Fcategories&post=307328"},{"taxonomy":"post_tag","embeddable":true,"href":"https:\/\/diariodominicano.com\/index.php?rest_route=%2Fwp%2Fv2%2Ftags&post=307328"}],"curies":[{"name":"wp","href":"https:\/\/api.w.org\/{rel}","templated":true}]}}