{"id":307271,"date":"2021-11-10T19:01:59","date_gmt":"2021-11-10T23:01:59","guid":{"rendered":"http:\/\/diariodominicano.com\/?p=307271"},"modified":"2021-11-11T01:30:25","modified_gmt":"2021-11-11T05:30:25","slug":"fiscalia-dn-pide-30-anos-de-prision-y-decomiso-de-los-bienes-contra-pascual-cordero-martinez-alias-el-chino","status":"publish","type":"post","link":"https:\/\/diariodominicano.com\/?p=307271","title":{"rendered":"Fiscal\u00eda DN pide 30 a\u00f1os de prisi\u00f3n y decomiso de los bienes contra Pascual Cordero Mart\u00ednez, alias El Chino"},"content":{"rendered":"\n<p><strong>SANTO DOMINGO, Rep\u00fablica Dominicana.-<\/strong>&nbsp;La Fiscal\u00eda del Distrito Nacional pidi\u00f3 al Cuarto Tribunal Colegiado imponer 30 a\u00f1os de prisi\u00f3n y el decomiso de los bienes contra Pascual Cordero Mart\u00ednez, alias El Chino, acusado de asociarse para incorporar al sistema financiero recursos obtenidos por \u00e9l en m\u00e1s de 15 a\u00f1os de operaci\u00f3n en el narcotr\u00e1fico.<\/p>\n\n\n\n<p>Durante la exposici\u00f3n de las conclusiones, las fiscales litigantes Magaly S\u00e1nchez, Laura Vargas y Mar\u00eda Silvestre presentaron a las juezas Ingrid Fern\u00e1ndez, Ana Lee y Altagracia Ram\u00edrez m\u00e1s de mil pruebas materiales, testimoniales, documentales y periciales que, concatenadas, apoyan la acusaci\u00f3n del Ministerio P\u00fablico.<\/p>\n\n\n\n<p>Durante la audiencia, el \u00f3rgano de la acusaci\u00f3n resalt\u00f3 la incorporaci\u00f3n de la sentencia condenatoria dictada por un tribunal en la provincia La Altagracia, lo que demuestra la reincidencia del encartado, quien guarda prisi\u00f3n en el Centro de Correcci\u00f3n y Rehabilitaci\u00f3n Najayo Hombres, en San Crist\u00f3bal.<\/p>\n\n\n\n<p>El escrito de acusaci\u00f3n indica que Cordero Mart\u00ednez se relacionaba directamente con coimputados para que estos, vinculados en empresas de fachada, le sirvieran para adquirir bienes y servicios, haciendo uso en muchos casos de identidades y documentos falsos.<\/p>\n\n\n\n<p>Este entramado permiti\u00f3 al imputado agenciar y transferir productos financieros y colocar la titularidad a favor de uno u otro de sus colaboradores. Sin embargo, el uso, disfrute y disposici\u00f3n del bien, y su administraci\u00f3n en la mayor\u00eda de los casos, se enlazaban con otros miembros de la red, lo que evidenciaba estrategias para impedir que las autoridades determinaran el origen de los fondos y el verdadero propietario.<\/p>\n\n\n\n<p>El \u00f3rgano de la persecuci\u00f3n penal le atribuye a alias El Chino los delitos de asociaci\u00f3n de malhechores, patrocinador de narcotr\u00e1fico internacional y lavado de activos, sancionados en los art\u00edculos 265 y 266 del C\u00f3digo Penal; los art\u00edculo 4, 5, 6 y 75, p\u00e1rrafo III, de la Ley 50-88, sobre Drogas y Sustancias Controladas, y los art\u00edculos 3 (literales A, B, C), 4, 5, 7 (literal D), 8 (literal B), 18, 19, 21, 24, 25 y 27 de la Ley&nbsp;72-02, sobre Lavado de Activos Provenientes del Tr\u00e1fico Il\u00edcito de Drogas, Sustancias Controladas y otras Infracciones Graves<strong>.<\/strong><\/p>\n\n\n\n<p><strong>Direcci\u00f3n de Comunicaci\u00f3n y Prensa<\/strong><\/p>\n\n\n\n<p><strong>Procuradur\u00eda General-Ministerio P\u00fablico RD<\/strong><\/p>\n\n\n\n<p><strong>Mi\u00e9rcoles, 10 de noviembre de 2021.<\/strong><\/p>\n","protected":false},"excerpt":{"rendered":"<p>SANTO DOMINGO, Rep\u00fablica Dominicana.-&nbsp;La Fiscal\u00eda del Distrito Nacional pidi\u00f3 al Cuarto Tribunal Colegiado imponer 30 a\u00f1os de prisi\u00f3n y el decomiso de los bienes contra Pascual Cordero Mart\u00ednez, alias El Chino, acusado de asociarse para incorporar al sistema financiero recursos obtenidos por \u00e9l en m\u00e1s de 15 a\u00f1os de operaci\u00f3n en el narcotr\u00e1fico. Durante la [&hellip;]<\/p>\n","protected":false},"author":2,"featured_media":271170,"comment_status":"closed","ping_status":"","sticky":true,"template":"","format":"standard","meta":{"footnotes":""},"categories":[24,27],"tags":[],"class_list":["post-307271","post","type-post","status-publish","format-standard","has-post-thumbnail","hentry","category-justicia-y-derecho","category-portada"],"_links":{"self":[{"href":"https:\/\/diariodominicano.com\/index.php?rest_route=\/wp\/v2\/posts\/307271","targetHints":{"allow":["GET"]}}],"collection":[{"href":"https:\/\/diariodominicano.com\/index.php?rest_route=\/wp\/v2\/posts"}],"about":[{"href":"https:\/\/diariodominicano.com\/index.php?rest_route=\/wp\/v2\/types\/post"}],"author":[{"embeddable":true,"href":"https:\/\/diariodominicano.com\/index.php?rest_route=\/wp\/v2\/users\/2"}],"replies":[{"embeddable":true,"href":"https:\/\/diariodominicano.com\/index.php?rest_route=%2Fwp%2Fv2%2Fcomments&post=307271"}],"version-history":[{"count":2,"href":"https:\/\/diariodominicano.com\/index.php?rest_route=\/wp\/v2\/posts\/307271\/revisions"}],"predecessor-version":[{"id":307342,"href":"https:\/\/diariodominicano.com\/index.php?rest_route=\/wp\/v2\/posts\/307271\/revisions\/307342"}],"wp:featuredmedia":[{"embeddable":true,"href":"https:\/\/diariodominicano.com\/index.php?rest_route=\/wp\/v2\/media\/271170"}],"wp:attachment":[{"href":"https:\/\/diariodominicano.com\/index.php?rest_route=%2Fwp%2Fv2%2Fmedia&parent=307271"}],"wp:term":[{"taxonomy":"category","embeddable":true,"href":"https:\/\/diariodominicano.com\/index.php?rest_route=%2Fwp%2Fv2%2Fcategories&post=307271"},{"taxonomy":"post_tag","embeddable":true,"href":"https:\/\/diariodominicano.com\/index.php?rest_route=%2Fwp%2Fv2%2Ftags&post=307271"}],"curies":[{"name":"wp","href":"https:\/\/api.w.org\/{rel}","templated":true}]}}