{"id":307266,"date":"2021-11-10T18:50:51","date_gmt":"2021-11-10T22:50:51","guid":{"rendered":"http:\/\/diariodominicano.com\/?p=307266"},"modified":"2021-11-10T18:50:51","modified_gmt":"2021-11-10T22:50:51","slug":"andres-manuel-lopez-obrador-en-la-sede-de-la-onu-expone-problematica-tema-corrupcion","status":"publish","type":"post","link":"https:\/\/diariodominicano.com\/?p=307266","title":{"rendered":"Andr\u00e9s Manuel L\u00f3pez Obrador en la Sede de la ONU expone problem\u00e1tica tema corrupci\u00f3n\u00a0"},"content":{"rendered":"\n<p><\/p>\n\n\n\n<p><strong>Por Araceli Aguilar Salgado&nbsp;<\/strong><\/p>\n\n\n\n<p><strong><em>\u201cEs necesario que el m\u00e1s relevante organismo de la comunidad internacional despierte de su letargo y salga de la rutina, del formalismo, que se reforme, que denuncie y combata la corrupci\u00f3n en el mundo, que luche contra la desigualdad y el malestar social que cunden en el planeta, con m\u00e1s decisi\u00f3n, profundidad, con m\u00e1s liderazgo\u201d Andr\u00e9s Manuel L\u00f3pez Obrador&nbsp;<\/em><\/strong><\/p>\n\n\n\n<p>El presidente&nbsp;Andr\u00e9s Manuel L\u00f3pez Obrador&nbsp;dio un discurso este martes en el&nbsp;Consejo de Seguridad de la ONU, en el que expuso que el principal problema de las naciones es la&nbsp;corrupci\u00f3n&nbsp;en todas sus expresiones: los poderes transnacionales, la opulencia y la frivolidad como formas de vida de las \u00e9lites; el modelo neoliberal que socializa p\u00e9rdidas, privatiza ganancias y alienta el saqueo de los recursos naturales y de los bienes de pueblos y naciones.&nbsp;<\/p>\n\n\n\n<p>El Presidente mexicano asegur\u00f3 que el principal obst\u00e1culo para el derecho a una vida libre de temores es la&nbsp;corrupci\u00f3n&nbsp;en todas sus expresiones. Dijo que la opulencia y frivolidad como forma de vida de las \u00e9lites es&nbsp;corrupci\u00f3n; as\u00ed como el modelo neoliberal y el que los tribunales castiguen a quienes \u201cno tienen para comprar su inocencia\u201d y protejan a grandes corporaciones.&nbsp;<\/p>\n\n\n\n<p>AMLO&nbsp;destac\u00f3 que la&nbsp;corrupci\u00f3n&nbsp;es la causa de la desigualdad, la&nbsp;pobreza, la violencia, la migraci\u00f3n y los graves conflictos sociales. Resalt\u00f3 que como nunca en la historia se est\u00e1 acumulando riqueza en pocas manos, las cuales privatizan los recursos que son de todos.&nbsp;&nbsp;<\/p>\n\n\n\n<p>Como ejemplo dijo expuso que mientras las grandes farmac\u00e9uticas que est\u00e1n desarrollando la&nbsp;vacuna contra Covid-19&nbsp;han vendido el 94% de su producci\u00f3n, s\u00f3lo se ha logrado distribuir por&nbsp;Covax&nbsp;el 6 por ciento.&nbsp;<\/p>\n\n\n\n<p>Indic\u00f3 que el dato sobre la distribuci\u00f3n de las&nbsp;vacunas Covid-19&nbsp;\u201cdeber\u00eda llevarnos a admitir lo evidente\u201d, que es que la generosidad est\u00e1 siendo desplazada por el ego\u00edsmo de lo privado y advirti\u00f3 que, si los pa\u00edses no son capaces de revertir las tendencias de desigualdad, \u201cno podremos resolver ninguno de los otros problemas que aquejan al mundo\u201d.&nbsp;<\/p>\n\n\n\n<p>El mandatario pidi\u00f3 a la ONU despertar de su \u201cletargo\u201d, salir de la rutina, \u201cdel formalismo\u201d, reformarse y denunciar la corrupci\u00f3n en el mundo.&nbsp;&nbsp;<\/p>\n\n\n\n<p>Tambi\u00e9n pidi\u00f3 al organismo actuar \u201ccon m\u00e1s decisi\u00f3n, profundidad, con m\u00e1s protagonismo, con m\u00e1s liderazgo. Nunca en la historia de esta organizaci\u00f3n se ha hecho algo sustancial para el beneficio de los pobres\u201d, acus\u00f3, aunque agreg\u00f3 que todav\u00eda hay tiempo para hacerlo \u201choy es momento de actuar para las causas\u201d, dijo.&nbsp;<\/p>\n\n\n\n<p>Por otra parte,&nbsp;L\u00f3pez Obrador indic\u00f3 que propondr\u00e1 a la Asamblea General de la ONU un&nbsp;plan mundial de fraternidad y bienestar, para que personas que sobreviven con dos d\u00f3lares diarios puedan tener una&nbsp;vida digna.&nbsp;&nbsp;<\/p>\n\n\n\n<p>Propuso que los recursos para financiar el proyecto podr\u00edan venir de la contribuci\u00f3n voluntaria anual del 4% de las fortunas de las 1,000 personas m\u00e1s ricas del planeta, y un cobro igual a las 1,000 corporaciones mundiales m\u00e1s importantes y por \u00faltimo una cooperaci\u00f3n del 0.2% de su&nbsp;PIB&nbsp;a los pa\u00edses&nbsp;miembros del G20.&nbsp;<\/p>\n\n\n\n<p>Dijo que en total el fondo para esta causa podr\u00eda disponer anualmente de un bill\u00f3n de d\u00f3lares y la ONU podr\u00eda otorgar reconocimientos a los gobiernos, personas y corporaciones por su fraternidad.&nbsp;<\/p>\n\n\n\n<p>L\u00f3pez Obrador indic\u00f3 que los recursos de este fondo se tendr\u00edan que hacer llegar a los beneficiarios de&nbsp;manera directa, sin intermediaci\u00f3n alguna, ya que en muchos casos los recursos que se entregan a organizaciones no gubernamentales se quedan aparatos burocr\u00e1ticos, en mantener asesores o se desv\u00edan y terminan por no llegar a los beneficiarios.&nbsp;&nbsp;<\/p>\n\n\n\n<p>El mandatario indic\u00f3 que, de aceptarse esta propuesta en la Asamblea de la ONU, se propondr\u00e1 que los recursos sean otorgados a trav\u00e9s de tarjetas o monederos electr\u00f3nicos, dijo que en este caso el&nbsp;Banco Mundial&nbsp;y el&nbsp;Fondo Monetario Internacional&nbsp;podr\u00edan ayudar.&nbsp;&nbsp;<\/p>\n\n\n\n<p>Dijo que tambi\u00e9n es necesario realizar un censo para determinar cu\u00e1ntas personas ser\u00edan las beneficiadas con este plan; y empezar a distribuir ayudas para pensiones a&nbsp;adultos mayores,&nbsp;becas de ni\u00f1os y ni\u00f1as,&nbsp;apoyo a j\u00f3venes&nbsp;y&nbsp;sembradores; y a su vez lograr la distribuci\u00f3n de&nbsp;vacunas y medicamentos gratuitos&nbsp;entre los m\u00e1s pobres. \u201cNo creo que ning\u00fan miembro (permanente de la Asamblea) se oponga a esto\u201d, indic\u00f3.&nbsp;<\/p>\n\n\n\n<p>El Presidente destac\u00f3 la propuesta que hizo al presidente de&nbsp;Estados Unidos,&nbsp;Joe Biden, para trabajar en las causas de la migraci\u00f3n sin recurrir a acciones coercitivas. La propuesta consiste en aplicar los programas de&nbsp;Sembrando Vida&nbsp;y&nbsp;J\u00f3venes Construyendo el Futuro&nbsp;en&nbsp;Guatemala,&nbsp;El Salvador&nbsp;y&nbsp;Honduras, y resalt\u00f3 que la ONU deber\u00eda adoptar estos mismos programas con el fin de atender a fondo los problemas en los pa\u00edses pobres que generan la migraci\u00f3n.&nbsp;&nbsp;&nbsp;<\/p>\n\n\n\n<p>Y nunca olvidemos que es un deber colectivo de las naciones ofrecer a cada una de sus hijas e hijos el derecho a la alimentaci\u00f3n, la salud, la educaci\u00f3n, el trabajo, la seguridad social, el deporte y la recreaci\u00f3n.&nbsp;<\/p>\n\n\n\n<p>Cierro recordando a dos patriotas y libertadores de nuestra Am\u00e9rica: Jos\u00e9 Mar\u00eda Morelos y Pav\u00f3n, Siervo de la Naci\u00f3n mexicana, que hace poco m\u00e1s de dos siglos, demandaba: \u201cque se modere la indigencia y la opulencia\u201d; y, casi al mismo tiempo, Sim\u00f3n Bol\u00edvar aseguraba que \u201cel sistema de gobierno m\u00e1s perfecto es aquel que produce mayor suma de felicidad posible, mayor suma de seguridad social y mayor suma de estabilidad pol\u00edtica\u201d.&nbsp;<\/p>\n\n\n\n<p>Previo a dar su mensaje, el presidente L\u00f3pez Obrador tuvo un encuentro con Antonio Guterres, secretario general de la ONU, para conversar sobre la relaci\u00f3n y colaboraci\u00f3n de M\u00e9xico con la Organizaci\u00f3n.&nbsp;<\/p>\n\n\n\n<p>En su intervenci\u00f3n, el secretario general de la ONU, Antonio Guterres, reconoci\u00f3 que la pandemia del coronavirus 2019 acentu\u00f3 las dificultades de las desigualdades para las personas m\u00e1s pobres.<\/p>\n\n\n\n<p>\u201cHan ca\u00eddo en la pobreza m\u00e1s de 120 mil millones de personas adicionales, el hambre, las hambrunas acechan a millones de personas en todo el mundo. Enfrentamos la mayor recesi\u00f3n econ\u00f3mica mundial desde la segunda guerra mundial, miles de millones de personas carecen de las redes de seguridad necesarias para afrontar las dificultades en materia de protecci\u00f3n social, atenci\u00f3n sanitaria y protecci\u00f3n laboral\u201d, destac\u00f3.&nbsp;<\/p>\n\n\n\n<p>Guterres refiri\u00f3 que los habitantes de los pa\u00edses m\u00e1s ricos est\u00e1n recibiendo ya la tercera dosis de la vacuna contra el coronavirus, mientras que solo el 5% de la poblaci\u00f3n de \u00c1frica, por ejemplo, han sido vacunados.&nbsp;<\/p>\n\n\n\n<p>Dijo que ahora que se habla de recuperaci\u00f3n, \u00e9sta ser\u00e1 asim\u00e9trica, en la que las econom\u00edas avanzadas invierten el 28% de su Producto Interno Bruto (PIB) en la recuperaci\u00f3n, las naciones menos adelantadas apenas el 1.8%.&nbsp;<\/p>\n\n\n\n<p>En su discurso, el secretario general de la ONU record\u00f3 el planteamiento del presidente L\u00f3pez Obrador respecto a que, si a los de arriba les va bien, tambi\u00e9n a los de abajo.&nbsp;<\/p>\n\n\n\n<p>Como bien dijo en aquella ocasi\u00f3n, la riqueza no es contagiosa, la exclusi\u00f3n y las desigualdades econ\u00f3micas, sociales y culturales tienen un costo devastador en materia de seguridad, de hecho, el aumento de desigualdades es un factor de la creciente desigualdad, especialmente en \u00e1reas donde se carece de servicios b\u00e1sicos.&nbsp;<\/p>\n\n\n\n<p>Al t\u00e9rmino de su participaci\u00f3n en el Consejo de Seguridad, el presidente L\u00f3pez Obrador realiz\u00f3 un recorrido por&nbsp;la plaza de las Naciones Unidas&nbsp;junto a Marcelo Ebrard, Ant\u00f3nio Guterres y&nbsp;<strong>Juan Ram\u00f3n de la Fuente<\/strong>&nbsp;viendo las obras de artistas mexicanos que se encuentran en Nueva York.&nbsp;<\/p>\n\n\n\n<p>El mandatario se reuni\u00f3 con el Secretario General de la ONU, Ant\u00f3nio Guterres y recorri\u00f3 las inmediaciones de la ONU, donde observ\u00f3 los murales de dos artistas mexicanos que fueron donados a la Organizaci\u00f3n. Aqu\u00ed te contamos c\u00f3mo estas obras de arte de M\u00e9xico llegaron hasta Nueva York.&nbsp;<\/p>\n\n\n\n<p>Rufino Tamayo El 29 de octubre de 1971, el artista mexicano Rufino Tamayo don\u00f3, en nombre del Gobierno mexicano -bajo la presidencia de Luis Echeverr\u00eda, a la Organizaci\u00f3n de las Naciones Unidas el mural \u201cFraternidad\u201d, el mural de dimensiones cercanas a cuatro por nueve metros, representa a las diferentes razas del mundo entrelazadas rodeando una hoguera y significa la fuerza del progreso, la industria y el ingenio del hombre. En palabras del propio pintor, el mensaje de \u201cLa Fraternidad\u201d armonizaba con el de la ONU y la paz entre los pueblos del mundo.&nbsp;<\/p>\n\n\n\n<p>En Julio de 2019, Juan Ram\u00f3n de la Fuente, representante permanente de M\u00e9xico ante la ONU explic\u00f3 que parte importante de la candidatura del pa\u00eds para formar parte del Consejo de Seguridad de la ONU se finca en una frase de Benito Ju\u00e1rez y un mural de Rufino Tamayo.&nbsp;<\/p>\n\n\n\n<p>Un mural de Rufino Tamayo, que ser\u00e1 otro emblema de nuestra campa\u00f1a, que se llama &#8216;Fraternidad&#8217;, en donde aparecen siluetas de individuos tomados de la mano y con una pir\u00e1mide atr\u00e1s, que nos recuerda que M\u00e9xico es un pa\u00eds milenario que este es un pa\u00eds que tiene mucho que ofrecerle al mundo por sus ra\u00edces, por sus or\u00edgenes y por su cultura&nbsp;<\/p>\n\n\n\n<p>En septiembre de 2018, el Gobierno mexicano bajo el mandato del presidente Enrique Pe\u00f1a Nieto- don\u00f3 a la Organizaci\u00f3n de las Naciones Unidas un cuadro del pintor Manuel Felgu\u00e9rez.&nbsp;<\/p>\n\n\n\n<p>La pieza de unos cinco metros por dos metros fue colocada en uno de los muros m\u00e1s importantes en la sede de Nueva York por su ubicaci\u00f3n: al inicio del llamado pasillo de las banderas, que conduce al sal\u00f3n plenario de la Asamblea General de la ONU.&nbsp;<\/p>\n\n\n\n<p>De acuerdo a Juan Jos\u00e9 Ignacio G\u00f3mez Camacho, exrepresentante de Permanente de M\u00e9xico ante la ONU, Felgu\u00e9rez visit\u00f3 el edificio para conocer m\u00e1s sobre las labores de la Organizaci\u00f3n y durante su recorrido eligi\u00f3 ese muro para su obra. G\u00f3mez Camacho explica que esa pared era la m\u00e1s cotizada en la sede y que la propia ONU se negaba a otorgar el espacio a otros artistas por esa misma cuesti\u00f3n.&nbsp;<\/p>\n\n\n\n<p>Incluso, antes de que el mural de Felgu\u00e9rez fuera colocado en el prestigioso lugar, este ya hab\u00eda sido asignado a una estatua de bronce que obsequiar\u00eda otro pa\u00eds. Para \u00abpelear\u00bb el lugar, G\u00f3mez Camacho explica que \u00abse invent\u00f3\u00bb una reuni\u00f3n sobre un tema de migraci\u00f3n con el Secretario General, en la que al final le mostr\u00f3 una imagen de c\u00f3mo se ver\u00eda la obra del mexicano al inicio del pasillo de las banderas.&nbsp;<\/p>\n\n\n\n<p>El t\u00edtulo de la obra fue elegido a prop\u00f3sito de la agenda 2030 de la ONU, que se refiere a los Objetivos de Desarrollo Sostenible que se proponen, entre sus principales metas, eliminar la pobreza extrema y el hambre en el mundo en un plazo de 12 a\u00f1os.&nbsp;<\/p>\n\n\n\n<p>Andr\u00e9s Manuel L\u00f3pez Obrador pos\u00f3 frente al&nbsp;Guardi\u00e1n de la Paz y la Libertad Internacional, un alebrije realizado por artesanos&nbsp;zapotecas que lleg\u00f3 a Nueva York el&nbsp;4 de noviembre, como regalo del gobernador de Oaxaca, Alejandro Murat, Con el prop\u00f3sito de demostrar a la ONU que M\u00e9xico tiene una cultura potente, que puede mandar mensajes a trav\u00e9s de nuestros artesanos, y como hace 76 a\u00f1os M\u00e9xico sigue siendo un&nbsp;guardi\u00e1n de la paz y de la seguridad internacional.&nbsp;<\/p>\n\n\n\n<p>El alebrije que vigila la explanada de la Organizaci\u00f3n de las Naciones Unidas en Nueva York&nbsp;es la combinaci\u00f3n de un jaguar con \u00e1guila, considerando que son animales fuertes y representan nuestra&nbsp;historia prehisp\u00e1nica y nacional&nbsp;y fue realizada por los artesanos&nbsp;Jacobo y Mar\u00eda \u00c1ngeles.&nbsp;<\/p>\n\n\n\n<p>Los alebrijes son criaturas fant\u00e1sticas y alegres&nbsp;que surgieron de la imaginaci\u00f3n del artesano mexicano&nbsp;Pedro Linares L\u00f3pez, quien despu\u00e9s de una pesadilla procedi\u00f3 a la elaboraci\u00f3n de los primeros ejemplares en los a\u00f1os 30 del siglo pasado.&nbsp;<\/p>\n\n\n\n<p>La fabricaci\u00f3n de los&nbsp;alebrijes&nbsp;se realiza por medio de la cartoner\u00eda, con una estructura de alambre y conformada por colores vistosos. Aunque algunos son elaborados con madera o carrizo. Dichas piezas son seres imaginarios, los cuales se componen por diferentes partes de varios animales&nbsp;<\/p>\n\n\n\n<p>A su salida del hotel Millennium Hilton, en el que se hosped\u00f3 la noche de este lunes, el presidente Andr\u00e9s Manuel L\u00f3pez Obrador se acerc\u00f3 a integrantes de la comunidad mexicana para saludarlos. El mandatario mexicano fue recibido entre gritos de \u201cEs un honor estar con Obrador, es un honor estar con Obrador\u201d.<\/p>\n\n\n\n<p>La visita del presidente Andr\u00e9s Manuel L\u00f3pez Obrador es breve. Al t\u00e9rmino de su participaci\u00f3n en el consejo de seguridad de la ONU, enviar\u00e1 un mensaje a los migrantes mexicanos radicados en Estados Unidos y luego se trasladar\u00e1 al aeropuerto para regresar a M\u00e9xico.&nbsp;<\/p>\n\n\n\n<p><strong><em>\u201cCuando se entregan fondos supuestamente para ayudar a los pobres, organizaciones no gubernamentales, de la sociedad civil o a otro tipo de organizaciones, no quiero generalizar, pero en muchos casos, ese dinero se queda en aparatos burocr\u00e1ticos, en pagar oficinas de lujo, en mantener asesores o se desv\u00eda y termina por no llegar a los beneficiarios, por eso los recursos de este fondo deben llegar a los beneficiarios de manera directa<\/em><\/strong><strong><em>.<\/em><\/strong><strong><em>\u201d<\/em><\/strong><strong><em>&nbsp;<\/em><\/strong><strong><em>Andr\u00e9s Manuel L\u00f3pez Obrador&nbsp;<\/em><\/strong><\/p>\n\n\n\n<p><strong>Araceli Aguilar Salgado Periodista, Abogada, Ingeniera, Escritora, Presidenta del Congreso Hispanoamericano de Prensa, Analista y comentarista mexicana, del Estado de Guerrero, M\u00e9xico.<\/strong>&nbsp;<\/p>\n","protected":false},"excerpt":{"rendered":"<p>Por Araceli Aguilar Salgado&nbsp; \u201cEs necesario que el m\u00e1s relevante organismo de la comunidad internacional despierte de su letargo y salga de la rutina, del formalismo, que se reforme, que denuncie y combata la corrupci\u00f3n en el mundo, que luche contra la desigualdad y el malestar social que cunden en el planeta, con m\u00e1s decisi\u00f3n, [&hellip;]<\/p>\n","protected":false},"author":2,"featured_media":307267,"comment_status":"closed","ping_status":"","sticky":true,"template":"","format":"standard","meta":{"footnotes":""},"categories":[23,27],"tags":[],"class_list":["post-307266","post","type-post","status-publish","format-standard","has-post-thumbnail","hentry","category-internacional","category-portada"],"_links":{"self":[{"href":"https:\/\/diariodominicano.com\/index.php?rest_route=\/wp\/v2\/posts\/307266","targetHints":{"allow":["GET"]}}],"collection":[{"href":"https:\/\/diariodominicano.com\/index.php?rest_route=\/wp\/v2\/posts"}],"about":[{"href":"https:\/\/diariodominicano.com\/index.php?rest_route=\/wp\/v2\/types\/post"}],"author":[{"embeddable":true,"href":"https:\/\/diariodominicano.com\/index.php?rest_route=\/wp\/v2\/users\/2"}],"replies":[{"embeddable":true,"href":"https:\/\/diariodominicano.com\/index.php?rest_route=%2Fwp%2Fv2%2Fcomments&post=307266"}],"version-history":[{"count":1,"href":"https:\/\/diariodominicano.com\/index.php?rest_route=\/wp\/v2\/posts\/307266\/revisions"}],"predecessor-version":[{"id":307268,"href":"https:\/\/diariodominicano.com\/index.php?rest_route=\/wp\/v2\/posts\/307266\/revisions\/307268"}],"wp:featuredmedia":[{"embeddable":true,"href":"https:\/\/diariodominicano.com\/index.php?rest_route=\/wp\/v2\/media\/307267"}],"wp:attachment":[{"href":"https:\/\/diariodominicano.com\/index.php?rest_route=%2Fwp%2Fv2%2Fmedia&parent=307266"}],"wp:term":[{"taxonomy":"category","embeddable":true,"href":"https:\/\/diariodominicano.com\/index.php?rest_route=%2Fwp%2Fv2%2Fcategories&post=307266"},{"taxonomy":"post_tag","embeddable":true,"href":"https:\/\/diariodominicano.com\/index.php?rest_route=%2Fwp%2Fv2%2Ftags&post=307266"}],"curies":[{"name":"wp","href":"https:\/\/api.w.org\/{rel}","templated":true}]}}