{"id":307257,"date":"2021-11-10T18:31:09","date_gmt":"2021-11-10T22:31:09","guid":{"rendered":"http:\/\/diariodominicano.com\/?p=307257"},"modified":"2021-11-10T19:25:41","modified_gmt":"2021-11-10T23:25:41","slug":"palabras-del-gobernador-del-banco-central-hector-valdez-albizu-en-el-acto-de-reconocimiento-del-senado-de-la-republica-10-de-noviembre-de-2021","status":"publish","type":"post","link":"https:\/\/diariodominicano.com\/?p=307257","title":{"rendered":"Palabras del gobernador del Banco Central, H\u00e9ctor Valdez Albizu, en el acto de reconocimiento del Senado de la Rep\u00fablica 10 de noviembre de 2021"},"content":{"rendered":"\n<p> <strong>El Licenciado H\u00e9ctor Valdez Albizu agradeci\u00f3  la deferencia del presidente de la Rep\u00fablica, Luis Abinader, quien nos acompa\u00f1a en este acto, tan significativo e importante para quien les habla, un gesto que me honra y me enaltece. Gracias, se\u00f1or presidente. Muchas gracias honorable se\u00f1ora vicepresidenta de la Rep\u00fablica, Raquel Pe\u00f1a, por su presencia.<\/strong><\/p>\n\n\n\n<p> <strong>Se\u00f1oras y Se\u00f1ores:<\/strong><\/p>\n\n\n\n<p>Constituye un gran honor y alta satisfacci\u00f3n recibir este reconocimiento que me otorga el Senado de la Rep\u00fablica, la m\u00e1s genuina representatividad del pueblo dominicano, por la labor realizada desde el Banco Central de la Rep\u00fablica Dominicana, el cual recibo con orgullo y humildad.<\/p>\n\n\n\n<p>Les confieso, con la mayor honestidad, que la iniciativa del honorable senador Alexis Victoria Yeb me ha sorprendido gratamente, y al mismo tiempo me ha llenado de alegr\u00eda y satisfacci\u00f3n. Mi m\u00e1s profundo agradecimiento al honorable senador Victoria Yeb y a los honorables senadores de la Rep\u00fablica que acogieron su iniciativa.<\/p>\n\n\n\n<p>De igual forma, perm\u00edtanme agradecer la deferencia del excelent\u00edsimo se\u00f1or presidente de la Rep\u00fablica, Luis Abinader, quien nos acompa\u00f1a en este acto, tan significativo e importante para quien les habla, un gesto que me honra y me enaltece. Gracias, se\u00f1or presidente. Muchas gracias honorable se\u00f1ora vicepresidenta de la Rep\u00fablica, Raquel Pe\u00f1a, por su presencia.<\/p>\n\n\n\n<p>Hoy recuerdo las ense\u00f1anzas de mi padre, el Dr.&nbsp;H\u00e9ctor Manuel Valdez Guerrero, m\u00e9dico dominicano, quien siempre nos ense\u00f1\u00f3 con su ejemplo: el trabajo, la lealtad y la honestidad, tanto a mis hermanos como a m\u00ed. Estos tres valores han sido esenciales en nuestras vidas. Desde donde te encuentres, s\u00e9 que est\u00e1s guiando mis pasos.<\/p>\n\n\n\n<p>Una gratitud del alma a mi querida esposa y compa\u00f1era de vida,&nbsp;Fiordaliza Mart\u00ednez de Valdez, mi hijo H\u00e9ctor Manuel, mi madre y mis entra\u00f1ables hermanos, y en ellos a toda mi familia, a quienes le he sustra\u00eddo tanto tiempo de calidad para dedicarlo a la naci\u00f3n. Gracias por brindarme su comprensi\u00f3n y apoyo en las situaciones m\u00e1s apremiantes de mi vida personal y laboral.<\/p>\n\n\n\n<p>Quiero resaltar la eficiencia y capacidad del equipo t\u00e9cnico de la instituci\u00f3n que me ha acompa\u00f1ado en estos a\u00f1os. Miembros de la Junta Monetaria, funcionarios y empleados, comprometidos con la excelencia que, con su dedicaci\u00f3n, han contribuido al logro de las metas que nos hemos propuesto.&nbsp; Gracias por su apoyo.<\/p>\n\n\n\n<p>Creo firmemente en lo que afirmaba el fil\u00f3sofo S\u00e9neca; \u201cEl d\u00eda nunca le parece largo al que trabaja\u201d, y lo que he hecho a trav\u00e9s de m\u00e1s de medio siglo ha sido trabajar, dando lo mejor de nuestra capacidad profesional y reserva \u00e9tica en beneficio del pa\u00eds al frente del Banco Central, una instituci\u00f3n que constituye un ejemplo de organizaci\u00f3n, transparencia, credibilidad y <a>excelencia.<\/a><\/p>\n\n\n\n<p>Todos estos ingentes esfuerzos han rendido sus frutos gracias a la confianza depositada por cuatro jefes de Estado en mi persona y en un equipo de trabajo que, desde el Banco Central, ha servido con la mayor lealtad y dedicaci\u00f3n al pa\u00eds.<\/p>\n\n\n\n<p>Mirando en retrospectiva, el pa\u00eds ha tenido que librar grandes batallas econ\u00f3micas en las que el Banco Central ha tenido que jugar un rol de primera l\u00ednea en pro de la estabilidad y con el objetivo de atenuar los efectos negativos de grandes crisis internacionales sobre la econom\u00eda dominicana. Entre esas crisis caben rememorar: el \u201cEfecto Tequila\u201d de la econom\u00eda mexicana (1994); la crisis financiera asi\u00e1tica (1997); la crisis rusa conocida como el \u00abefecto vodka\u00bb (1998); y la crisis econ\u00f3mica brasileira (1999) con su secuela, el efecto caipiri\u00f1a sobre las econom\u00edas de Am\u00e9rica Latina.<\/p>\n\n\n\n<p>Asimismo, debo mencionar el desplazamiento de la industria textil de zonas francas dominicanas por la competencia de los pa\u00edses asi\u00e1ticos, principalmente China (2007), y la Gran Recesi\u00f3n (2008), originada en el colapso del mercado inmobiliario de Estados Unidos que contagi\u00f3 a los principales mercados financieros del mundo, as\u00ed como la incertidumbre provocada por un precio del barril de petr\u00f3leo que alcanz\u00f3 140 d\u00f3lares (2008). Adem\u00e1s de todos estos choques internacionales, el Banco Central ha contribuido a enfrentar los efectos econ\u00f3micos de m\u00faltiples fen\u00f3menos clim\u00e1ticos extremos a lo largo de ese periodo.<\/p>\n\n\n\n<p>M\u00e1s recientemente, al igual que la mayor\u00eda de los gobiernos y bancos centrales del mundo, en la Rep\u00fablica Dominicana hemos implementado pol\u00edticas de car\u00e1cter monetario y fiscal que han contado con el apoyo irrestricto del se\u00f1or presidente, Luis Abinader y que, gracias a su voluntad y decisi\u00f3n, han contribuido a reactivar la producci\u00f3n, proteger el ingreso de los hogares, asistir a los sectores m\u00e1s vulnerables de nuestra sociedad y recuperar los empleos perdidos durante la pandemia.<\/p>\n\n\n\n<p>Entre las medidas para enfrentar la crisis sanitaria, es preciso destacar el exitoso proceso de inoculaci\u00f3n que ha contado con una excelente labor del Gabinete de Salud dirigido con extraordinaria eficiencia por la vicepresidenta Raquel Pe\u00f1a y que en la actualidad ha vacunado con al menos dos dosis m\u00e1s del 62% de la poblaci\u00f3n adulta y, con una dosis, m\u00e1s del 77% de dicha poblaci\u00f3n, contribuyendo a una sorprendente recuperaci\u00f3n del turismo que proyecta recibir 4.9 millones de visitantes no residentes&nbsp; al cierre de este a\u00f1o.<\/p>\n\n\n\n<p>Estimados senadores, pueden tener la certeza de que este reconocimiento fortalece el compromiso institucional y personal que tenemos con la estabilidad macroecon\u00f3mica y el desarrollo del pa\u00eds. Est\u00e9n seguros que desde el Banco Central no bajaremos la guardia a pesar de los logros alcanzados, manteni\u00e9ndonos siempre atentos a los riesgos que pueda enfrentar nuestra econom\u00eda.<\/p>\n\n\n\n<p>Nuestra patria es grande. El trabajo tesonero de un pueblo luchador la ha hecho una tierra indoblegable, resiliente, que se levanta con \u00edmpetu frente a las m\u00e1s grandes adversidades. Sigamos el buen camino. Como dijo el patricio Juan Pablo Duarte<em>: \u201ctrabajemos por y para la patria, que es trabajar para nuestros hijos y para nosotros mismos\u201d<\/em>.<\/p>\n\n\n\n<p>Muchas gracias.<\/p>\n","protected":false},"excerpt":{"rendered":"<p>El Licenciado H\u00e9ctor Valdez Albizu agradeci\u00f3 la deferencia del presidente de la Rep\u00fablica, Luis Abinader, quien nos acompa\u00f1a en este acto, tan significativo e importante para quien les habla, un gesto que me honra y me enaltece. Gracias, se\u00f1or presidente. Muchas gracias honorable se\u00f1ora vicepresidenta de la Rep\u00fablica, Raquel Pe\u00f1a, por su presencia. Se\u00f1oras y [&hellip;]<\/p>\n","protected":false},"author":2,"featured_media":307258,"comment_status":"closed","ping_status":"","sticky":true,"template":"","format":"standard","meta":{"footnotes":""},"categories":[18,27],"tags":[],"class_list":["post-307257","post","type-post","status-publish","format-standard","has-post-thumbnail","hentry","category-economia","category-portada"],"_links":{"self":[{"href":"https:\/\/diariodominicano.com\/index.php?rest_route=\/wp\/v2\/posts\/307257","targetHints":{"allow":["GET"]}}],"collection":[{"href":"https:\/\/diariodominicano.com\/index.php?rest_route=\/wp\/v2\/posts"}],"about":[{"href":"https:\/\/diariodominicano.com\/index.php?rest_route=\/wp\/v2\/types\/post"}],"author":[{"embeddable":true,"href":"https:\/\/diariodominicano.com\/index.php?rest_route=\/wp\/v2\/users\/2"}],"replies":[{"embeddable":true,"href":"https:\/\/diariodominicano.com\/index.php?rest_route=%2Fwp%2Fv2%2Fcomments&post=307257"}],"version-history":[{"count":3,"href":"https:\/\/diariodominicano.com\/index.php?rest_route=\/wp\/v2\/posts\/307257\/revisions"}],"predecessor-version":[{"id":307279,"href":"https:\/\/diariodominicano.com\/index.php?rest_route=\/wp\/v2\/posts\/307257\/revisions\/307279"}],"wp:featuredmedia":[{"embeddable":true,"href":"https:\/\/diariodominicano.com\/index.php?rest_route=\/wp\/v2\/media\/307258"}],"wp:attachment":[{"href":"https:\/\/diariodominicano.com\/index.php?rest_route=%2Fwp%2Fv2%2Fmedia&parent=307257"}],"wp:term":[{"taxonomy":"category","embeddable":true,"href":"https:\/\/diariodominicano.com\/index.php?rest_route=%2Fwp%2Fv2%2Fcategories&post=307257"},{"taxonomy":"post_tag","embeddable":true,"href":"https:\/\/diariodominicano.com\/index.php?rest_route=%2Fwp%2Fv2%2Ftags&post=307257"}],"curies":[{"name":"wp","href":"https:\/\/api.w.org\/{rel}","templated":true}]}}