{"id":307248,"date":"2021-11-10T18:05:50","date_gmt":"2021-11-10T22:05:50","guid":{"rendered":"http:\/\/diariodominicano.com\/?p=307248"},"modified":"2021-11-10T18:05:50","modified_gmt":"2021-11-10T22:05:50","slug":"juramentan-comite-organizador-xl-copa-independencia-boxeo-cueto-presidente","status":"publish","type":"post","link":"https:\/\/diariodominicano.com\/?p=307248","title":{"rendered":"Juramentan Comit\u00e9 Organizador XL Copa Independencia Boxeo, Cueto presidente"},"content":{"rendered":"\n<p><strong>\u00a0Por Oscar Polanco<\/strong><\/p>\n\n\n\n<p> <strong>Junto al ingeniero Cueto, gerente general de EDENORTE, fueron juramentados en ese comit\u00e9, el director general de CORAASAN, ingeniero Andr\u00e9s Burgos, como vicepresidente y la gobernadora provincial de Santiago, licenciada Rosa Santos, como directora general del evento que ser\u00e1 realizado en el mes de febrero del 2021. <\/strong><\/p>\n\n\n\n<p><strong>SANTIAGO DE LOS CABALLEROS, RD, 10 de noviembre de 2021. &#8211;<\/strong>Con el ingeniero Andr\u00e9s Cueto de presidente, fue juramentado el Comit\u00e9 Organizador de la XL Copa Independencia de Boxeo Internacional, durante un acto realizado al mediod\u00eda de este mi\u00e9rcoles 10 de noviembre 2021, en el sal\u00f3n Juan Pablo Duarte del palacio de la Gobernaci\u00f3n provincial de Santiago.<\/p>\n\n\n\n<p><strong>J<\/strong>unto al ingeniero Cueto, gerente general de EDENORTE, fueron juramentados en ese comit\u00e9, el director general de CORAASAN, ingeniero Andr\u00e9s Burgos, como vicepresidente y la gobernadora provincial de Santiago, licenciada Rosa Santos, como directora general del evento que ser\u00e1 realizado en el mes de febrero del 2021.<\/p>\n\n\n\n<p><strong>E<\/strong>l discurso central estuvo a cargo de la licenciada Rosa Santos, quien, entre otras cosas apunt\u00f3 que, desde que es gobernadora provincial las puertas de la gobernaci\u00f3n han estado abiertas para el deporte.<\/p>\n\n\n\n<p><strong>A<\/strong>simismo, agreg\u00f3 que, el deporte dignifica y ayuda a que nuestros j\u00f3venes se recreen espiritual y f\u00edsicamente, manifestando que, en lo que respecta a la XL Copa Independencia de Boxeo Internacional, trabajar\u00e1n por el \u00e9xito de la misma.<\/p>\n\n\n\n<p><strong>E<\/strong>l ingeniero Cueto, quien estuvo ausente por asuntos muy urgentes, fue representado por el licenciado Porfirio Mart\u00ednez, gerente de gesti\u00f3n social de EDENORTE &nbsp;y el ingeniero Irving Vargas, ejecutivo en EDENORTE, el licenciado Mart\u00ednez, dijo el discurso central a trav\u00e9s de un manifiesto preparado por el presidente del comit\u00e9.<\/p>\n\n\n\n<p><strong>E<\/strong>n el discurso, el licenciado Mart\u00ednez, entre otras cosas, dijo que el ingeniero Cueto se siente altamente agradecido por las personalidades que le acompa\u00f1an en el Comit\u00e9 Organizador, lo que le ayudar\u00e1 a conseguir el \u00e9xito esperado.<\/p>\n\n\n\n<p><strong>D<\/strong>e su lado, el vicepresidente del comit\u00e9, ingeniero Andr\u00e9s Burgos y la gobernadora provincial de Santiago, licenciada Rosa Santos, directora general del evento, al dirigirse a los presentes coincidieron en se\u00f1alar que, la disposici\u00f3n de trabajo de cada uno de los integrantes, asegura que ser\u00e1 todo lo exitoso que se espera.<\/p>\n\n\n\n<p><strong>T<\/strong>anto el ingeniero Cueto, en su mensaje, as\u00ed como el ingeniero Burgos y la licenciada Santos, opinaron que, igual que en todos los deportes en Rep\u00fablica Dominicana, el gobierno del pa\u00eds que preside Lu\u00eds Abinader, espera que sea lo mejor.<\/p>\n\n\n\n<p><strong>L<\/strong>a juramentaci\u00f3n del Comit\u00e9 Organizador y de los directores estuvo a cargo del ingeniero Bienvenido Solano, presidente advitam de la Federaci\u00f3n Dominicana de Boxeo, la cual fue representada por el licenciado Ram\u00f3n Leonardo, secretario de la entidad, quien a su vez represent\u00f3 a su presidente licenciado Rub\u00e9n Garc\u00eda, \u00e9l dijo el mensaje federado.<\/p>\n\n\n\n<p><strong>E<\/strong>l licenciado Juan Madera, recibi\u00f3 el premio especial a La Excelencia, que le entregaron, la gobernadora licenciada Rosa Santos, el director general de CORAASAN, ingeniero Andr\u00e9s Burgos, Anny P\u00e9rez y Ariel Acosta.<\/p>\n\n\n\n<p><strong>E<\/strong>l acto fue despedido por el se\u00f1or Ariel Acosta, presidente de la Asociaci\u00f3n de Boxeo de Santiago, luego, los presentes conversaron amigablemente sobre el evento y disfrutaron de brindis para ocasi\u00f3n, entre otras personalidades, estuvieron presentes,<\/p>\n\n\n\n<p><strong>COMIT\u00c9 ORGANIZADOR Y DIRECTORES<\/strong><\/p>\n\n\n\n<p><strong>P<\/strong>residente: Ing. Andr\u00e9s Cueto; Vicepresidente: Ing. Andr\u00e9s Burgos; Directora General: Lic. Rosa Santos; Secretario General: Tesorero: Lic Vicente D\u00edaz.<\/p>\n\n\n\n<p><strong>Los miembros son:<\/strong><\/p>\n\n\n\n<p>Lic Edison Morel, Lic V\u00edctor Alm\u00e1nzar, Sr Jos\u00e9 P\u00e9rez Checo, Lic V\u00edctor Garc\u00eda Sued, Jos\u00e9 Agust\u00edn Pilar (Jochy), Ing Irving Vargas, Gral M\u00e1ximo B\u00e1ez Aybar, Lic Juan Madera, Lic Marquitos Rodr\u00edguez, Lic Juan Vila, Sr Tony Pe\u00f1a R. Lic Lora Perell\u00f3, Lic Federico Reynoso, Lic Emmanuel Garc\u00eda Musa, Lic Iv\u00e1n Ariel Tejada G\u00f3mez. Coronel PN, Polanco, Lic Arsenio Rivas, Dr Alex Recio, Lic Jos\u00e9 Persia, Sr Jonathan Dur\u00e1n, Diputado lic Braulio Espinal, Anthony Marte.<\/p>\n\n\n\n<p><strong>DIRECTORES:<\/strong><\/p>\n\n\n\n<p>Directora General: Lic Rosa Santos; de Comunicaci\u00f3n: Lic Edinson Morel; de Prensa, periodista Oscar Polanco; de Log\u00edstica: Lic Iv\u00e1n Ariel Tejada G\u00f3mez; M\u00e9dico: Dr Alex Recio; de Comercializaci\u00f3n: Locutor Anthony Marte; T\u00e9cnico: Lic Juan Alberto Rodr\u00edguez; de Transporte: Lic Vicente D\u00edaz; Salud P\u00fablica Covid-19: Dr Lora Perell\u00f3; de Ceremonias, cultura y premiaciones: Josu\u00e9 G\u00f3mez; del Equipo de boxeo de Santiago: Diego Sosa y Judy Peralta.<\/p>\n\n\n\n<p><strong>PIE DE FOTOS NUMERADOS:<\/strong><\/p>\n\n\n\n<p><strong>1.&nbsp;&nbsp;&nbsp;&nbsp;<\/strong><strong>El ingeniero Bienvenido Solano, presidente advitam de la Federaci\u00f3n Dominicana de Boxeo, juramenta a los miembros del Comit\u00e9 Organizador<\/strong><\/p>\n\n\n\n<p><strong>2.&nbsp;&nbsp;&nbsp;&nbsp;<\/strong><strong>El licenciado Juan Madera, recibe el premio especial a La Excelencia, de manos de, la gobernadora licenciada Rosa Santos, el director general de coraasan, ingeniero Andr\u00e9s Burgos, se\u00f1ora Anny P\u00e9rez y se\u00f1or Ariel Acosta<\/strong><\/p>\n\n\n\n<p><strong>3.&nbsp;&nbsp;&nbsp;&nbsp;<\/strong><strong>El ingeniero Bienvenido Solano, presidente advitam de la Federaci\u00f3n Dominicana de Boxeo, juramenta a los directores de las comisiones de trabajo<\/strong><\/p>\n\n\n\n<p><strong>4.&nbsp;&nbsp;&nbsp;&nbsp;<\/strong><strong>Licenciada Rosa Santos<\/strong><\/p>\n\n\n\n<p><strong>5.&nbsp;&nbsp;&nbsp;&nbsp;<\/strong><strong>Video de las palabras de la gobernadora provincial, licenciada Rosa Santos<\/strong><\/p>\n","protected":false},"excerpt":{"rendered":"<p>\u00a0Por Oscar Polanco Junto al ingeniero Cueto, gerente general de EDENORTE, fueron juramentados en ese comit\u00e9, el director general de CORAASAN, ingeniero Andr\u00e9s Burgos, como vicepresidente y la gobernadora provincial de Santiago, licenciada Rosa Santos, como directora general del evento que ser\u00e1 realizado en el mes de febrero del 2021. SANTIAGO DE LOS CABALLEROS, RD, [&hellip;]<\/p>\n","protected":false},"author":2,"featured_media":307249,"comment_status":"closed","ping_status":"","sticky":true,"template":"","format":"standard","meta":{"footnotes":""},"categories":[17,27],"tags":[],"class_list":["post-307248","post","type-post","status-publish","format-standard","has-post-thumbnail","hentry","category-deportes","category-portada"],"_links":{"self":[{"href":"https:\/\/diariodominicano.com\/index.php?rest_route=\/wp\/v2\/posts\/307248","targetHints":{"allow":["GET"]}}],"collection":[{"href":"https:\/\/diariodominicano.com\/index.php?rest_route=\/wp\/v2\/posts"}],"about":[{"href":"https:\/\/diariodominicano.com\/index.php?rest_route=\/wp\/v2\/types\/post"}],"author":[{"embeddable":true,"href":"https:\/\/diariodominicano.com\/index.php?rest_route=\/wp\/v2\/users\/2"}],"replies":[{"embeddable":true,"href":"https:\/\/diariodominicano.com\/index.php?rest_route=%2Fwp%2Fv2%2Fcomments&post=307248"}],"version-history":[{"count":1,"href":"https:\/\/diariodominicano.com\/index.php?rest_route=\/wp\/v2\/posts\/307248\/revisions"}],"predecessor-version":[{"id":307250,"href":"https:\/\/diariodominicano.com\/index.php?rest_route=\/wp\/v2\/posts\/307248\/revisions\/307250"}],"wp:featuredmedia":[{"embeddable":true,"href":"https:\/\/diariodominicano.com\/index.php?rest_route=\/wp\/v2\/media\/307249"}],"wp:attachment":[{"href":"https:\/\/diariodominicano.com\/index.php?rest_route=%2Fwp%2Fv2%2Fmedia&parent=307248"}],"wp:term":[{"taxonomy":"category","embeddable":true,"href":"https:\/\/diariodominicano.com\/index.php?rest_route=%2Fwp%2Fv2%2Fcategories&post=307248"},{"taxonomy":"post_tag","embeddable":true,"href":"https:\/\/diariodominicano.com\/index.php?rest_route=%2Fwp%2Fv2%2Ftags&post=307248"}],"curies":[{"name":"wp","href":"https:\/\/api.w.org\/{rel}","templated":true}]}}