{"id":307243,"date":"2021-11-10T16:44:49","date_gmt":"2021-11-10T20:44:49","guid":{"rendered":"http:\/\/diariodominicano.com\/?p=307243"},"modified":"2021-11-10T16:44:49","modified_gmt":"2021-11-10T20:44:49","slug":"jose-gomez-cerda-presidente-de-clatjupam-se-presentara-manana-jueves-programa-de-television-en-puerto-rico","status":"publish","type":"post","link":"https:\/\/diariodominicano.com\/?p=307243","title":{"rendered":"Jos\u00e9 G\u00f3mez Cerda, presidente de CLATJUPAM, se presentar\u00e1 ma\u00f1ana jueves, programa de televisi\u00f3n en Puerto Rico"},"content":{"rendered":"\n<p>Jos\u00e9 G\u00f3mez Cerda, presidente de la Central Latinoamericana y del Caribe de Trabajadores Pensionados, Jubilados y Adultos Mayores (CLATJUPAM), y Presidente de la Asociaci\u00f3n de Escritores y Periodistas Dominicanos (ASEPED), se presentar\u00e1 ma\u00f1ana, jueves, 11 de noviembre 2021, &nbsp;a las once de la ma\u00f1ana, en un programa de televisi\u00f3n, por TIVA TV. Canal 8, de Puerto Rico, para hablar sobre pensionados y adultos mayores.<\/p>\n\n\n\n<p>Ser\u00e1 entrevistado por el &nbsp;Dr. Edgar Barajas&nbsp;Col\u00f3n, Nefr\u00f3logo Pediatra, dirigente de la Alianza M\u00e9dica Para La Salud.<br>&nbsp;<br>Jos\u00e9 G\u00f3mez Cerda hablar\u00e1 de su participaci\u00f3n en la 3ra. Conferencia puertorrique\u00f1a sobre el Pensionado y la Tercera Edad; Hacia un modelo de Salud Hol\u00edstica: Organizada por la Asociaci\u00f3n Exempleados de Socio en Acci\u00f3n (AESA), el Mi\u00e9rcoles,17 de noviembre 2021, en el Club Rotario de R\u00edo Piedras, San Juan, Puerto Rico.<\/p>\n\n\n\n<p>La Asociaci\u00f3n Exempleados de Socios en Acci\u00f3n (AESA), que organiza esta Conferencia, es una corporaci\u00f3n sin fines de lucro, organizada al amparo de las leyes de Puerto Rico.&nbsp; Su misi\u00f3n es proteger y mejorar la calidad de vida de sus socios, as\u00ed como fomentar, estimular y mantener las mejores relaciones entre todos.&nbsp; Adem\u00e1s, garantizar el pleno disfrute de los derechos y beneficios que ofrece la Asociaci\u00f3n de Empleados del Estado Libre Asociado (ELA), de Puerto Rico.<\/p>\n\n\n\n<p>Jos\u00e9 G\u00f3mez Cerda es adem\u00e1s director de la Academia Humanista, organiza cursos online, y tiene 70 libros publicados, entre ellos muchos son digitales.<\/p>\n\n\n\n<p>La Central Latinoamericana y del Caribe de Trabajadores Pensionados, Jubilados y Adultos Mayores (CLATJUPAM), aglutina asociaciones de 19 pa\u00edses de Am\u00e9rica Latina y el Caribe.<\/p>\n","protected":false},"excerpt":{"rendered":"<p>Jos\u00e9 G\u00f3mez Cerda, presidente de la Central Latinoamericana y del Caribe de Trabajadores Pensionados, Jubilados y Adultos Mayores (CLATJUPAM), y Presidente de la Asociaci\u00f3n de Escritores y Periodistas Dominicanos (ASEPED), se presentar\u00e1 ma\u00f1ana, jueves, 11 de noviembre 2021, &nbsp;a las once de la ma\u00f1ana, en un programa de televisi\u00f3n, por TIVA TV. Canal 8, de [&hellip;]<\/p>\n","protected":false},"author":7,"featured_media":283755,"comment_status":"closed","ping_status":"","sticky":true,"template":"","format":"standard","meta":{"footnotes":""},"categories":[25,27],"tags":[],"class_list":["post-307243","post","type-post","status-publish","format-standard","has-post-thumbnail","hentry","category-gente","category-portada"],"_links":{"self":[{"href":"https:\/\/diariodominicano.com\/index.php?rest_route=\/wp\/v2\/posts\/307243","targetHints":{"allow":["GET"]}}],"collection":[{"href":"https:\/\/diariodominicano.com\/index.php?rest_route=\/wp\/v2\/posts"}],"about":[{"href":"https:\/\/diariodominicano.com\/index.php?rest_route=\/wp\/v2\/types\/post"}],"author":[{"embeddable":true,"href":"https:\/\/diariodominicano.com\/index.php?rest_route=\/wp\/v2\/users\/7"}],"replies":[{"embeddable":true,"href":"https:\/\/diariodominicano.com\/index.php?rest_route=%2Fwp%2Fv2%2Fcomments&post=307243"}],"version-history":[{"count":1,"href":"https:\/\/diariodominicano.com\/index.php?rest_route=\/wp\/v2\/posts\/307243\/revisions"}],"predecessor-version":[{"id":307244,"href":"https:\/\/diariodominicano.com\/index.php?rest_route=\/wp\/v2\/posts\/307243\/revisions\/307244"}],"wp:featuredmedia":[{"embeddable":true,"href":"https:\/\/diariodominicano.com\/index.php?rest_route=\/wp\/v2\/media\/283755"}],"wp:attachment":[{"href":"https:\/\/diariodominicano.com\/index.php?rest_route=%2Fwp%2Fv2%2Fmedia&parent=307243"}],"wp:term":[{"taxonomy":"category","embeddable":true,"href":"https:\/\/diariodominicano.com\/index.php?rest_route=%2Fwp%2Fv2%2Fcategories&post=307243"},{"taxonomy":"post_tag","embeddable":true,"href":"https:\/\/diariodominicano.com\/index.php?rest_route=%2Fwp%2Fv2%2Ftags&post=307243"}],"curies":[{"name":"wp","href":"https:\/\/api.w.org\/{rel}","templated":true}]}}