{"id":307239,"date":"2021-11-10T13:58:31","date_gmt":"2021-11-10T17:58:31","guid":{"rendered":"http:\/\/diariodominicano.com\/?p=307239"},"modified":"2021-11-10T13:58:31","modified_gmt":"2021-11-10T17:58:31","slug":"presidente-abinader-asiste-al-inicio-de-la-construccion-del-centro-distribucion-cesar-iglesias-con-inversion-de-rd2300-millones","status":"publish","type":"post","link":"https:\/\/diariodominicano.com\/?p=307239","title":{"rendered":"Presidente Abinader asiste al inicio de la construcci\u00f3n del centro distribuci\u00f3n C\u00e9sar Iglesias con inversi\u00f3n de RD$2,300 millones"},"content":{"rendered":"\n<p>diariodominicano.com<\/p>\n\n\n\n<p>Santo Domingo Norte, 11 de noviembre, 2021.- Con una inversi\u00f3n de 2,300 millones de pesos, la creaci\u00f3n de 800 empleos directos, una vez concluido el proyecto y la generaci\u00f3n de cientos m\u00e1s en la etapa inicial, quedaron iniciados los trabajos del centro de distribuci\u00f3n de la empresa C\u00e9sar Iglesias.<\/p>\n\n\n\n<p>El presidente Luis Abinader, quien se ha empe\u00f1ado personalmente por la recuperaci\u00f3n econ\u00f3mica y generaci\u00f3n de empleos en el pa\u00eds, estuvo presente en esta actividad donde encabez\u00f3 el primer palazo.<\/p>\n\n\n\n<p>Para los moradores de la zona, la construcci\u00f3n de esta primera etapa impactar\u00e1 de forma muy positiva. La comunidad se ver\u00e1 beneficiada por la creaci\u00f3n de esos 800 empleos directos, una vez concluido el proyecto, mientras que se generar\u00e1n m\u00e1s de 200 empleos directos en la etapa inicial.<\/p>\n\n\n\n<p>Con la inversi\u00f3n estimada de 2,300 millones de pesos, la obra lograr\u00e1 dinamizar la econom\u00eda, mejorar las v\u00edas de accesos, servicios el\u00e9ctricos y fortalecer la seguridad en la zona.<\/p>\n\n\n\n<p>El mandatario fue recibido por los principales ejecutivos de C\u00e9sar Iglesias, Miguel Feris, presidente del comit\u00e9 ejecutivo; Jes\u00fas Feris Ferr\u00fas, vicepresidente de operaciones; Carmen Armenteros de Funcia, vicepresidenta administrativa y Ernesto Armenteros, director del consejo.<\/p>\n\n\n\n<p>Tambi\u00e9n, estuvieron presentes el doctor Jes\u00fas Feris Iglesias y la directora de Gesti\u00f3n Humana y miembro del comit\u00e9 ejecutivo de C\u00e9sar Iglesias, Alexia Feris.<\/p>\n\n\n\n<p>El presidente Abinader estuvo acompa\u00f1ado del ministro de Industria, Comercio y Mipymes, V\u00edctor -Ito- Bison\u00f3.<\/p>\n\n\n\n<p>En su discurso, el presidente del comit\u00e9 ejecutivo de C\u00e9sar Iglesias expres\u00f3 que este nuevo proyecto significa abrir un nuevo cap\u00edtulo en la historia de la empresa y de un pa\u00eds de gente valiente y emprendedora, de una empresa que produce con la calidad de gente que progresa.<\/p>\n\n\n\n<p>Haciendo referencia al valor del trabajo, Feris manifest\u00f3 que hay quienes se echan el peso de su familia a las espaldas y emprenden negocios o emigran, miles de pulperos, panaderos, barberos e inmigrantes lo han hecho.<\/p>\n\n\n\n<p>Record\u00f3 con a\u00f1oranza que cuando era un joven y reci\u00e9n graduado, su pap\u00e1 le encarg\u00f3 comprar e instalar una l\u00ednea de producci\u00f3n que costaba una fortuna, y llev\u00e1ndose de su instinto y del consejo de unos cuantos lo hac\u00eda, pero tambi\u00e9n confiando en su capacidad de elegir.<\/p>\n\n\n\n<p>Feris sostuvo que con seguridad y con mucho gusto, gracias al apoyo de su t\u00edo C\u00e9sar Norberto y sus primos, pudo con el peso de su legado, adem\u00e1s de la responsabilidad ante miles de colaboradores, familiares y clientes, para pisar duro y sin miedo.<\/p>\n\n\n\n<p>Durante el acto fue proyectado un audiovisual sobre los inicios de la empresa y el arduo trabajo que con dedicaci\u00f3n, fortaleza y esfuerzo han realizado, durante todos estos a\u00f1os en la empresa C\u00e9sar Iglesias.<\/p>\n\n\n\n<p><strong>M\u00e1s sobre el nuevo centro<\/strong><\/p>\n\n\n\n<p>Su dise\u00f1o es creaci\u00f3n de la multinacional alemana Mieabach, en su primera etapa. Tendr\u00e1 un total de 19,000 metros cuadrados y unas 17,800 \u201cpallet positions\u201d cuya sumatoria resulta en 35,600 \u201cpallet positions\u201d.<\/p>\n\n\n\n<p>Adem\u00e1s, cada nave estar\u00e1 equipada con t\u00e9cnicas de almacenamiento tipo VNA y secci\u00f3n de \u201cradio shuttle\u201d para productos que requieran preservar inventarios de seguridad y a la vez tener alta rotaci\u00f3n.<\/p>\n\n\n\n<p>Para la segunda etapa de la obra se sumar\u00e1 la construcci\u00f3n de seis naves tradicionales de 12,000 kil\u00f3metros cuadrados cada una y una vez el proyecto finalice el parque tendr\u00e1 una capacidad de almacenamiento \u00fatil que superar\u00e1 los 92,000 metros cuadrados.<\/p>\n\n\n\n<p>Actualmente C\u00e9sar Iglesias cuenta con 23 f\u00e1bricas y seis centros log\u00edsticos distribuidos en varios puntos como en Santo Domingo, La Vega, Puerto Plata, Azua, Nagua y San Pedro de Macor\u00eds.<\/p>\n\n\n\n<p>Fuente: Direcci\u00f3n de Estrategia y Comunicaci\u00f3n Gubernamental<\/p>\n\n\n\n<p>Ministerio Administrativo de la Presidencia de la Rep\u00fablica Dominicana<\/p>\n","protected":false},"excerpt":{"rendered":"<p>diariodominicano.com Santo Domingo Norte, 11 de noviembre, 2021.- Con una inversi\u00f3n de 2,300 millones de pesos, la creaci\u00f3n de 800 empleos directos, una vez concluido el proyecto y la generaci\u00f3n de cientos m\u00e1s en la etapa inicial, quedaron iniciados los trabajos del centro de distribuci\u00f3n de la empresa C\u00e9sar Iglesias. El presidente Luis Abinader, quien [&hellip;]<\/p>\n","protected":false},"author":5,"featured_media":307240,"comment_status":"closed","ping_status":"","sticky":true,"template":"","format":"standard","meta":{"footnotes":""},"categories":[20,27],"tags":[],"class_list":["post-307239","post","type-post","status-publish","format-standard","has-post-thumbnail","hentry","category-dominicana-hoy","category-portada"],"_links":{"self":[{"href":"https:\/\/diariodominicano.com\/index.php?rest_route=\/wp\/v2\/posts\/307239","targetHints":{"allow":["GET"]}}],"collection":[{"href":"https:\/\/diariodominicano.com\/index.php?rest_route=\/wp\/v2\/posts"}],"about":[{"href":"https:\/\/diariodominicano.com\/index.php?rest_route=\/wp\/v2\/types\/post"}],"author":[{"embeddable":true,"href":"https:\/\/diariodominicano.com\/index.php?rest_route=\/wp\/v2\/users\/5"}],"replies":[{"embeddable":true,"href":"https:\/\/diariodominicano.com\/index.php?rest_route=%2Fwp%2Fv2%2Fcomments&post=307239"}],"version-history":[{"count":1,"href":"https:\/\/diariodominicano.com\/index.php?rest_route=\/wp\/v2\/posts\/307239\/revisions"}],"predecessor-version":[{"id":307241,"href":"https:\/\/diariodominicano.com\/index.php?rest_route=\/wp\/v2\/posts\/307239\/revisions\/307241"}],"wp:featuredmedia":[{"embeddable":true,"href":"https:\/\/diariodominicano.com\/index.php?rest_route=\/wp\/v2\/media\/307240"}],"wp:attachment":[{"href":"https:\/\/diariodominicano.com\/index.php?rest_route=%2Fwp%2Fv2%2Fmedia&parent=307239"}],"wp:term":[{"taxonomy":"category","embeddable":true,"href":"https:\/\/diariodominicano.com\/index.php?rest_route=%2Fwp%2Fv2%2Fcategories&post=307239"},{"taxonomy":"post_tag","embeddable":true,"href":"https:\/\/diariodominicano.com\/index.php?rest_route=%2Fwp%2Fv2%2Ftags&post=307239"}],"curies":[{"name":"wp","href":"https:\/\/api.w.org\/{rel}","templated":true}]}}