{"id":307224,"date":"2021-11-10T13:32:44","date_gmt":"2021-11-10T17:32:44","guid":{"rendered":"http:\/\/diariodominicano.com\/?p=307224"},"modified":"2021-11-10T13:32:44","modified_gmt":"2021-11-10T17:32:44","slug":"catequesis-del-papa-francisco-no-podemos-permitirnos-ningun-cansancio-al-hacer-el-bien","status":"publish","type":"post","link":"https:\/\/diariodominicano.com\/?p=307224","title":{"rendered":"Catequesis del Papa Francisco: No podemos permitirnos ning\u00fan cansancio al hacer el bien"},"content":{"rendered":"\n<p>diariodominicano.com<\/p>\n\n\n\n<p>Redacci\u00f3n ACI Prensa<\/p>\n\n\n\n<p>Vaticano, 11 de noviembre, 2021.-   El Papa Francisco concluy\u00f3 este mi\u00e9rcoles 10 de noviembre su serie de catequesis sobre la Carta de San Pablo a los G\u00e1latas pronunciada en la Audiencia General que se llev\u00f3 a cabo en el Aula Pablo VI del Vaticano.<\/p>\n\n\n\n<p>En este camino exigente pero fascinante, el Ap\u00f3stol nos recuerda que&nbsp;<strong>no podemos permitirnos ning\u00fan cansancio en el hacer el bien<\/strong>. No se cansen de hacer el bien. Debemos confiar que el Esp\u00edritu siempre viene a ayudar en nuestra debilidad y nos concede el apoyo que necesitamos. \u00a1Por tanto, aprendamos a invocar m\u00e1s a menudo al Esp\u00edritu Santo!<\/p>\n\n\n\n<p>A continuaci\u00f3n, la catequesis pronunciada por el Papa Francisco:<\/p>\n\n\n\n<p>Queridos hermanos y hermanas, \u00a1buenos d\u00edas!<\/p>\n\n\n\n<p>Hemos llegado al final de las catequesis sobre la Carta a los G\u00e1latas. \u00a1Sobre cu\u00e1ntos otros contenidos, presentes en este escrito de San Pablo, se habr\u00eda podido reflexionar! La Palabra de Dios es una fuente inagotable. Y el ap\u00f3stol en esta Carta nos ha hablado como evangelizador, como te\u00f3logo y como pastor.<\/p>\n\n\n\n<p>El santo obispo Ignacio de Antioqu\u00eda tiene una bonita expresi\u00f3n, cuando escribe: \u00abNo hay, pues, m\u00e1s que un solo maestro, aqu\u00e9l que \u201cha hablado y todo ha sido hecho\u201d y las cosas que ha hecho en el silencio son dignas de su Padre<strong>. Aqu\u00e9l que posee en verdad la palabra de Jes\u00fas puede entender tambi\u00e9n su silencio<\/strong>\u00bb (Ad Ephesios, 15,1-2).<\/p>\n\n\n\n<p>Podemos decir que el ap\u00f3stol Pablo ha sido capaz de dar voz a este silencio. Sus intuiciones m\u00e1s originales nos ayudan a descubrir la impactante novedad encerrada en la revelaci\u00f3n de Jesucristo. Ha sido un verdadero te\u00f3logo, que ha contemplado el misterio de Cristo y lo ha transmitido con su inteligencia creativa. Y tambi\u00e9n fue capaz de ejercer su misi\u00f3n pastoral hacia una comunidad perdida y confundida. Lo hizo con m\u00e9todos diferentes: us\u00f3 de vez en cuando la iron\u00eda, el rigor, la mansedumbre&#8230; Reclam\u00f3 su propia autoridad de ap\u00f3stol, pero al mismo tiempo no escondi\u00f3 la debilidad de su<\/p>\n\n\n\n<p>car\u00e1cter. En su coraz\u00f3n la fuerza del Esp\u00edritu realmente escav\u00f3:&nbsp;<strong>el encuentro con Cristo Resucitado conquist\u00f3 y transform\u00f3 toda su vida<\/strong>, y la dedic\u00f3 \u00edntegramente al servicio del Evangelio. Este es Pablo.<\/p>\n\n\n\n<p>Pablo nunca pens\u00f3 en un cristianismo de rasgos ir\u00e9nicos, desprovisto de empuje y de energ\u00eda, al contrario. Ha defendido la libertad llevada por Cristo con una pasi\u00f3n que todav\u00eda hoy conmueve, sobre todo si pensamos en los sufrimientos y la soledad que ha tenido que sufrir. Estaba convencido de haber recibido una llamada a la que solo \u00e9l pod\u00eda responder; y ha querido explicar a los g\u00e1latas que tambi\u00e9n ellos estaban llamados a esa libertad, que les liberaba de toda forma de esclavitud, porque les hac\u00eda herederos de la promesa antigua y, en Cristo, hijos de Dios. Conscientes de los riesgos que esta concepci\u00f3n de la libertad llevaba, nunca minimiz\u00f3 las consecuencias. \u00c9l era consciente de los riesgos que lleva la libertad cristiana, pero \u00e9l no minimiz\u00f3 las consecuencias.<\/p>\n\n\n\n<p>Reiter\u00f3 con parresia, es dec\u00eda con valent\u00eda, a los creyentes que la libertad no equivale en absoluto a libertinaje, ni conduce a formas de presuntuosa autosuficiencia. Al contrario, Pablo ha puesto la libertad en la sombra del amor y ha establecido su coherente ejercicio en el\u00a0<strong>servicio de la caridad<\/strong>. Toda esta visi\u00f3n fue puesta en el horizonte de la vida seg\u00fan el Esp\u00edritu Santo, que lleva a cumplimiento la Ley donada por Dios a Israel e impide recaer bajo la esclavitud del pecado. Pero siempre la tentaci\u00f3n es de volver hacia atr\u00e1s, una definici\u00f3n de los cristianos que est\u00e1 en las Escrituras, nosotros los cristianos no somos personas que vuelven hacia atr\u00e1s, que regresan hacia atr\u00e1s, una bella definici\u00f3n, y la tentaci\u00f3n es ir hacia atr\u00e1s para estar m\u00e1s seguro, en este caso, volver solamente a la ley, descuidando la nueva vida del Esp\u00edritu, y esto es lo que Pablo nos ense\u00f1a, la verdadera ley tiene su plenitud en esta vida del Esp\u00edritu que Jes\u00fas nos ha dado y esta vida del Esp\u00edritu solamente puede ser vivida en la libertad, la libertad cristiana, y esta es una de<\/p>\n\n\n\n<p>las cosas m\u00e1s bella.<\/p>\n\n\n\n<p>Al finalizar este itinerario de catequesis, me parece que puede nacer en nosotros una doble actitud. Por un lado, la ense\u00f1anza del ap\u00f3stol genera en nosotros entusiasmo; nos sentimos impulsados a seguir en seguida el camino de la libertad, a \u201ccaminar seg\u00fan el Esp\u00edritu\u201d, siempre caminar seg\u00fan el Esp\u00edritu nos hace libres.<\/p>\n\n\n\n<p>Por otro lado, somos conscientes de nuestros l\u00edmites, porque tocamos con la mano cada d\u00eda lo dif\u00edcil que es ser d\u00f3ciles al Esp\u00edritu, apoyar su acci\u00f3n ben\u00e9fica. Entonces puede surgir&nbsp;<strong>el cansancio que frena el entusiasmo.&nbsp;<\/strong>Nos sentimos desanimados, d\u00e9biles, a veces marginados respecto al estilo de vida seg\u00fan la mentalidad mundana.<\/p>\n\n\n\n<p>San Agust\u00edn nos sugiere c\u00f3mo reaccionar en esta situaci\u00f3n, refiri\u00e9ndose al episodio evang\u00e9lico de la tormenta en el lago. Dice as\u00ed: \u00abLa fe en Cristo en tu coraz\u00f3n es como Cristo presente en la<\/p>\n\n\n\n<p>nave. Escuchas insultos, te fatigas, te turbas: Cristo est\u00e1 dormido. \u00a1Despierta a Cristo, despierta tu fe! Algo puedes hacer, al menos cuando est\u00e9s turbado: \u00a1despierta tu fe! Despierte Cristo y te diga&#8230; Despierta, pues, a Cristo&#8230; Cree lo dicho y se producir\u00e1 en tu coraz\u00f3n una gran bonanza\u00bb (Sermones 163\/B 6).<\/p>\n\n\n\n<p>En los momentos de dificultad somos, como dice San Agust\u00edn, en la barca en medio de la tempestad y \u00bfqu\u00e9 han hecho los ap\u00f3stoles? Despertar a Cristo. \u00a1Despierta a Cristo! que duerme, pero t\u00fa est\u00e1s en la tempestad. La \u00fanica cosa que podemos hacer en los momentos dif\u00edciles es despertar a Cristo que est\u00e1 en medio de nosotros, pero duerme, con en la barca.<\/p>\n\n\n\n<p>Es precisamente as\u00ed.&nbsp;<strong>Debemos despertar a Cristo en nuestro coraz\u00f3n<\/strong>&nbsp;y solo entonces podremos contemplar las cosas con su mirada, porque \u00c9l ve m\u00e1s all\u00e1 de la tormenta. A trav\u00e9s de esa mirada serena, podemos ver un panorama que, solos, ni siquiera es concebible vislumbrar.<\/p>\n\n\n\n<p>En este camino exigente pero fascinante, el Ap\u00f3stol nos recuerda que\u00a0<strong>no podemos permitirnos ning\u00fan cansancio en el hacer el bien<\/strong>. No se cansen de hacer el bien. Debemos confiar que el Esp\u00edritu siempre viene a ayudar en nuestra debilidad y nos concede el apoyo que necesitamos. \u00a1Por tanto, aprendamos a invocar m\u00e1s a menudo<\/p>\n\n\n\n<p>al Esp\u00edritu Santo!<\/p>\n\n\n\n<p>Y padre \u00bfc\u00f3mo se invoca al Esp\u00edritu Santo? Porque yo s\u00e9 rezar al Padre con el Padrenuestro, s\u00e9 rezar a la Madre con el Ave Mar\u00eda, s\u00e9 rezar a Jes\u00fas con la oraci\u00f3n de las llagas, pero al Esp\u00edritu \u00bfcu\u00e1l es la oraci\u00f3n del Esp\u00edritu Santo? La oraci\u00f3n al Esp\u00edritu Santo es espont\u00e1nea, debe nacer de tu coraz\u00f3n, t\u00fa debes pedir en los momentos de dificultad \u00a1Ven Esp\u00edritu Santo! La palabra clave es esta ven, ven, pero lo tienes que decir t\u00fa, con tu lenguaje, con tus palabras: ven porque estoy en dificultad, ven porque estoy en la oscuridad, ven porque no s\u00e9 qu\u00e9 hacer, ven porque estoy por caer, ven, ven. Es la palabra del Esp\u00edritu, llamar al Esp\u00edritu.<\/p>\n\n\n\n<p>Aprendamos a invocar m\u00e1s a menudo al Esp\u00edritu Santo. Podemos hacerlo con palabras sencillas, en los diferentes momentos del d\u00eda. Y podemos llevar con nosotros, quiz\u00e1 dentro de nuestro Evangelio de bolsillo, la bonita oraci\u00f3n que la Iglesia recita en Pentecost\u00e9s: \u00abVen, Ven Esp\u00edritu divino, manda tu luz desde el cielo. Ven, ven, padre amoroso del pobre, ven dador de tus dones, ven luz de los corazones, consolador perfecto, hu\u00e9sped dulce del alma, dulce alivio, ven&#8230;\u00bb. Y as\u00ed prosigue, es una oraci\u00f3n bell\u00edsima. Pero solo si t\u00fa no tienes la oraci\u00f3n o no consigues encontrarla, el n\u00facleo de la oraci\u00f3n es: ven. Como la Virgen rezaba con los ap\u00f3stoles el d\u00eda que Jes\u00fas subi\u00f3 al cielo, ellos estaban solos en el cen\u00e1culo pidiendo ven, que viniera el Esp\u00edritu. <\/p>\n\n\n\n<p>Nos har\u00e1 bien rezarla a menudo. Ven Esp\u00edritu Santo, y as\u00ed, con la presencia del Esp\u00edritu nosotros salvaguardamos la libertad, seremos libres, cristianos libres, no apegados al pasado en el feo sentido de la palabra, no encadenados a pr\u00e1cticas, la libertad cristiana, lo que nos hace madurar. Nos ayudar\u00e1 a caminar en el Esp\u00edritu, en la libertad y en la alegr\u00eda porque cuando viene el Esp\u00edritu Santo viene la alegr\u00eda, la verdadera alegr\u00eda. El Se\u00f1or los bendiga, gracias.<\/p>\n","protected":false},"excerpt":{"rendered":"<p>diariodominicano.com Redacci\u00f3n ACI Prensa Vaticano, 11 de noviembre, 2021.- El Papa Francisco concluy\u00f3 este mi\u00e9rcoles 10 de noviembre su serie de catequesis sobre la Carta de San Pablo a los G\u00e1latas pronunciada en la Audiencia General que se llev\u00f3 a cabo en el Aula Pablo VI del Vaticano. En este camino exigente pero fascinante, el [&hellip;]<\/p>\n","protected":false},"author":5,"featured_media":289801,"comment_status":"closed","ping_status":"","sticky":true,"template":"","format":"standard","meta":{"footnotes":""},"categories":[23,27],"tags":[],"class_list":["post-307224","post","type-post","status-publish","format-standard","has-post-thumbnail","hentry","category-internacional","category-portada"],"_links":{"self":[{"href":"https:\/\/diariodominicano.com\/index.php?rest_route=\/wp\/v2\/posts\/307224","targetHints":{"allow":["GET"]}}],"collection":[{"href":"https:\/\/diariodominicano.com\/index.php?rest_route=\/wp\/v2\/posts"}],"about":[{"href":"https:\/\/diariodominicano.com\/index.php?rest_route=\/wp\/v2\/types\/post"}],"author":[{"embeddable":true,"href":"https:\/\/diariodominicano.com\/index.php?rest_route=\/wp\/v2\/users\/5"}],"replies":[{"embeddable":true,"href":"https:\/\/diariodominicano.com\/index.php?rest_route=%2Fwp%2Fv2%2Fcomments&post=307224"}],"version-history":[{"count":1,"href":"https:\/\/diariodominicano.com\/index.php?rest_route=\/wp\/v2\/posts\/307224\/revisions"}],"predecessor-version":[{"id":307228,"href":"https:\/\/diariodominicano.com\/index.php?rest_route=\/wp\/v2\/posts\/307224\/revisions\/307228"}],"wp:featuredmedia":[{"embeddable":true,"href":"https:\/\/diariodominicano.com\/index.php?rest_route=\/wp\/v2\/media\/289801"}],"wp:attachment":[{"href":"https:\/\/diariodominicano.com\/index.php?rest_route=%2Fwp%2Fv2%2Fmedia&parent=307224"}],"wp:term":[{"taxonomy":"category","embeddable":true,"href":"https:\/\/diariodominicano.com\/index.php?rest_route=%2Fwp%2Fv2%2Fcategories&post=307224"},{"taxonomy":"post_tag","embeddable":true,"href":"https:\/\/diariodominicano.com\/index.php?rest_route=%2Fwp%2Fv2%2Ftags&post=307224"}],"curies":[{"name":"wp","href":"https:\/\/api.w.org\/{rel}","templated":true}]}}