{"id":307218,"date":"2021-11-10T13:18:25","date_gmt":"2021-11-10T17:18:25","guid":{"rendered":"http:\/\/diariodominicano.com\/?p=307218"},"modified":"2021-11-10T13:18:25","modified_gmt":"2021-11-10T17:18:25","slug":"con-la-presencia-del-presidente-luis-abinader-ejecutivos-de-cesar-iglesias-dieron-el-primer-palazo-para-el-inicio-de-construccion-de-su-nuevo-centro-de-distribucion","status":"publish","type":"post","link":"https:\/\/diariodominicano.com\/?p=307218","title":{"rendered":"Con la presencia del presidente Luis Abinader, ejecutivos de C\u00e9sar Iglesias dieron el primer palazo para el inicio de construcci\u00f3n de su nuevo Centro de Distribuci\u00f3n"},"content":{"rendered":"\n<p><em><strong>La inversi\u00f3n estimada del total del proyecto ser\u00e1 de aproximadamente 2,300 millones de pesos\u00a0<\/strong><\/em><\/p>\n\n\n\n<p><strong>Santo Domingo Norte, RD, 10 de noviembre de 2021.<\/strong>&#8211; \u00a0En un acto encabezado por el presidente, Luis Abinader Corona y los principales ejecutivos de C\u00e9sar Iglesias, fue dado este mi\u00e9rcoles 10 el primer palazo que deja iniciado los trabajos de la construcci\u00f3n del nuevo Centro de Distribuci\u00f3n \u00a0de C\u00e9sar Iglesias.\u00a0<\/p>\n\n\n\n<p>En su discurso, el ingeniero Miguel Feris, presidente ejecutivo de C\u00e9sar Iglesias, expres\u00f3 que este nuevo proyecto significa \u201cabrir un nuevo cap\u00edtulo en una historia que no se acaba, la historia de nuestra empresa y de nuestro pa\u00eds; un pa\u00eds de gente valiente y emprendedora, de una empresa que produce con la calidad de gente que progresa\u201d.<\/p>\n\n\n\n<p>Expres\u00f3 que hay quienes se \u201cechan el peso de su familia a las espaldas y emprenden negocios o emigran. Miles de pulperos, panaderos, barberos e inmigrantes lo han hecho\u201d, haciendo referencia al valor del trabajo.\u00a0<\/p>\n\n\n\n<p>Rememorando, el ingeniero recuerda con a\u00f1oranza que cuando era un joven y reci\u00e9n graduado, su pap\u00e1 le encargaba comprar e instalar una l\u00ednea de producci\u00f3n que costaba una fortuna, y llev\u00e1ndose de su instinto y del consejo de unos cuantos lo hac\u00eda, pero tambi\u00e9n confiando en su capacidad de elegir.&nbsp;<\/p>\n\n\n\n<p>Durante este encuentro, los invitados apreciaron un video sobre los inicios de la empresa y el arduo trabajo que con dedicaci\u00f3n, fortaleza y esfuerzo han realizado, durante todos estos a\u00f1os en C\u00e9sar Iglesias.&nbsp;<\/p>\n\n\n\n<p>\u201cMirando hacia atr\u00e1s, me&nbsp;lleno&nbsp;de orgullo viendo en ese video las huellas tan profundas que dej\u00f3, y dejamos juntos, porque \u00edbamos sentados sobre sus hombros. Y en mi coraz\u00f3n vive su ejemplo y todo lo que me ense\u00f1\u00f3\u201d.&nbsp;<\/p>\n\n\n\n<p>Expres\u00f3 con seguridad y con mucho gusto, que gracias al apoyo de su t\u00edo C\u00e9sar Norberto Armenteros y sus primos, puede con el peso del legado de su padre y el de la familia, adem\u00e1s de la responsabilidad sobre sus colaboradores, familiares y clientes, tambi\u00e9n, a tomar este paso y \u201cpisar duro y sin miedo\u201d.<\/p>\n\n\n\n<p>Al evento asistieron ministros, clientes y relacionados a la empresa.&nbsp;<\/p>\n\n\n\n<p><strong>M\u00e1s sobre el nuevo centro<\/strong><\/p>\n\n\n\n<p>Su dise\u00f1o es creaci\u00f3n de la multinacional alemana&nbsp;MIEABACH,&nbsp;en su primera etapa.&nbsp;<br><br><\/p>\n\n\n\n<p>Contar\u00e1 con una superficie de 19,000, distribuidos en dos naves de 9,500 metros cuadrados cada una, y&nbsp;35,600 \u201cpallet positions\u201d. &nbsp;<\/p>\n\n\n\n<p>Cada nave estar\u00e1 equipada con t\u00e9cnicas de almacenamiento tipo VNA y secci\u00f3n de \u201cradio shuttle\u201d para productos que requieran preservar inventarios de seguridad y a la vez tener alta rotaci\u00f3n.<\/p>\n\n\n\n<p>Para la segunda etapa de la obra se sumar\u00e1 la construcci\u00f3n de seis naves tradicionales de 12,000 metros cuadrados cada una y una vez el proyecto finalice el parque tendr\u00e1 una capacidad de almacenamiento \u00fatil que superar\u00e1 los 92,000 metros cuadrados.<\/p>\n\n\n\n<p>La inversi\u00f3n estimada del total del proyecto ser\u00e1 de aproximadamente 2,300 millones de pesos.<\/p>\n\n\n\n<p>Para los moradores de la zona, la construcci\u00f3n de esta primera etapa impactar\u00e1 de forma muy positiva; la comunidad se ver\u00e1 beneficiada por la creaci\u00f3n de m\u00e1s de 200 empleos y una vez concluido el proyecto se generar\u00e1n 800 empleos directos, logrando con esto dinamizar la econom\u00eda, mejorar las v\u00edas de accesos, servicios el\u00e9ctricos y fortalecer la seguridad en la zona.&nbsp;Una muestra m\u00e1s de que el legado de nuestra familia se mantiene vivo. Con el apoyo desidioso del estado dominicano<br><br><\/p>\n\n\n\n<p><strong><em>\u00a1Cesar Iglesias, calidad de gente que progresa!<\/em><\/strong><\/p>\n\n\n\n<p>Actualmente C\u00e9sar Iglesias cuenta con 23 f\u00e1bricas y seis centros log\u00edsticos distribuidos en varios puntos como en Santo Domingo, La Vega, Puerto Plata, Azua, Nagua y San Pedro de Macor\u00eds.<\/p>\n\n\n\n<p><em><strong>Daniela Sena Encargada de Comunicaciones\u00a0<\/strong><\/em><\/p>\n\n\n\n<p><\/p>\n","protected":false},"excerpt":{"rendered":"<p>La inversi\u00f3n estimada del total del proyecto ser\u00e1 de aproximadamente 2,300 millones de pesos\u00a0 Santo Domingo Norte, RD, 10 de noviembre de 2021.&#8211; \u00a0En un acto encabezado por el presidente, Luis Abinader Corona y los principales ejecutivos de C\u00e9sar Iglesias, fue dado este mi\u00e9rcoles 10 el primer palazo que deja iniciado los trabajos de la [&hellip;]<\/p>\n","protected":false},"author":2,"featured_media":307225,"comment_status":"closed","ping_status":"","sticky":true,"template":"","format":"standard","meta":{"footnotes":""},"categories":[18,27],"tags":[],"class_list":["post-307218","post","type-post","status-publish","format-standard","has-post-thumbnail","hentry","category-economia","category-portada"],"_links":{"self":[{"href":"https:\/\/diariodominicano.com\/index.php?rest_route=\/wp\/v2\/posts\/307218","targetHints":{"allow":["GET"]}}],"collection":[{"href":"https:\/\/diariodominicano.com\/index.php?rest_route=\/wp\/v2\/posts"}],"about":[{"href":"https:\/\/diariodominicano.com\/index.php?rest_route=\/wp\/v2\/types\/post"}],"author":[{"embeddable":true,"href":"https:\/\/diariodominicano.com\/index.php?rest_route=\/wp\/v2\/users\/2"}],"replies":[{"embeddable":true,"href":"https:\/\/diariodominicano.com\/index.php?rest_route=%2Fwp%2Fv2%2Fcomments&post=307218"}],"version-history":[{"count":1,"href":"https:\/\/diariodominicano.com\/index.php?rest_route=\/wp\/v2\/posts\/307218\/revisions"}],"predecessor-version":[{"id":307226,"href":"https:\/\/diariodominicano.com\/index.php?rest_route=\/wp\/v2\/posts\/307218\/revisions\/307226"}],"wp:featuredmedia":[{"embeddable":true,"href":"https:\/\/diariodominicano.com\/index.php?rest_route=\/wp\/v2\/media\/307225"}],"wp:attachment":[{"href":"https:\/\/diariodominicano.com\/index.php?rest_route=%2Fwp%2Fv2%2Fmedia&parent=307218"}],"wp:term":[{"taxonomy":"category","embeddable":true,"href":"https:\/\/diariodominicano.com\/index.php?rest_route=%2Fwp%2Fv2%2Fcategories&post=307218"},{"taxonomy":"post_tag","embeddable":true,"href":"https:\/\/diariodominicano.com\/index.php?rest_route=%2Fwp%2Fv2%2Ftags&post=307218"}],"curies":[{"name":"wp","href":"https:\/\/api.w.org\/{rel}","templated":true}]}}