{"id":307214,"date":"2021-11-10T13:11:40","date_gmt":"2021-11-10T17:11:40","guid":{"rendered":"http:\/\/diariodominicano.com\/?p=307214"},"modified":"2021-11-10T13:11:40","modified_gmt":"2021-11-10T17:11:40","slug":"hay-interes-internacional-por-plan-de-mexico-en-onu-para-aliviar-pobreza-dice-canciller","status":"publish","type":"post","link":"https:\/\/diariodominicano.com\/?p=307214","title":{"rendered":"Hay inter\u00e9s internacional por plan de M\u00e9xico en ONU para aliviar pobreza, dice canciller"},"content":{"rendered":"\n<p>diariodominicano.com<a rel=\"noreferrer noopener\" href=\"https:\/\/www.xinhua-news.com\/gdsdetailxhs\/share\/10590736-?pageflag=iframe\" target=\"_blank\"><\/a><\/p>\n\n\n\n<pre id=\"text-news-description\" class=\"wp-block-preformatted\">   MEXICO, 10 nov (Xinhua) -- Existe un \"gran inter\u00e9s\" a nivel internacional para participar en el plan de alivio a la pobreza que el gobierno de M\u00e9xico plante\u00f3 el martes en la Organizaci\u00f3n de las Naciones Unidas (ONU), indic\u00f3 hoy mi\u00e9rcoles el canciller mexicano, Marcelo Ebrard.\n   \"Numerosas organizaciones regionales, pa\u00edses, est\u00e1n estableciendo contacto con nuestras representaciones diplom\u00e1ticas para participar en la elaboraci\u00f3n del plan que se coment\u00f3\", indic\u00f3 Ebrard en rueda de prensa, en el Palacio Nacional de la Ciudad de M\u00e9xico.\n   El funcionario record\u00f3 que el presidente de M\u00e9xico, Andr\u00e9s Manuel L\u00f3pez Obrador, plante\u00f3 el martes ante el Consejo de Seguridad de la ONU la posibilidad de crear un plan mundial de \"fraternidad y bienestar\", con el que se busca dar apoyos directos a 750 millones de personas que viven con menos de 2 d\u00f3lares diarios.\n   Ebrard dijo que de acuerdo con los datos de la ONU, la brecha entre ricos y pobres se ha hecho m\u00e1s profunda, por lo que la dependencia a su cargo tiene la intenci\u00f3n de impulsar la iniciativa con todos los pa\u00edses del organismo para que pueda ser promovida y llevarla a cabo en 2022.\n   El canciller mexicano agreg\u00f3 que tambi\u00e9n se puede contar con el apoyo del Banco Mundial o del Fondo Monetario Internacional.\n   \"Si alguien alega que no se puede est\u00e1 mintiendo, porque s\u00ed se tiene la capacidad instalada para hacerlo\", indic\u00f3 el secretario (ministro) mexicano de Relaciones Exteriores.\n   El plan propuesto por M\u00e9xico plantea que recursos de hasta 1 bill\u00f3n de d\u00f3lares podr\u00edan obtenerse con una contribuci\u00f3n voluntaria anual del 4 por ciento de las 1.000 personas m\u00e1s ricas del mundo y de las 1.000 corporaciones m\u00e1s importantes por su valor de mercado.\n   Una tercera fuente para el plan se refiere a la cooperaci\u00f3n del 0,2 por ciento del Producto Interno Bruto (PIB) de cada uno de los pa\u00edses que integran el Grupo de los 20 (G20).\n   \"Lo que se ve es una reacci\u00f3n de mucho inter\u00e9s, de una apelaci\u00f3n \u00e9tica de todos los pa\u00edses, fundamental, de no seguir permitiendo o pensando que esa es la normalidad\", dijo el canciller mexicano sobre la existencia de la pobreza extrema. <\/pre>\n","protected":false},"excerpt":{"rendered":"<p>diariodominicano.com MEXICO, 10 nov (Xinhua) &#8212; Existe un \u00abgran inter\u00e9s\u00bb a nivel internacional para participar en el plan de alivio a la pobreza que el gobierno de M\u00e9xico plante\u00f3 el martes en la Organizaci\u00f3n de las Naciones Unidas (ONU), indic\u00f3 hoy mi\u00e9rcoles el canciller mexicano, Marcelo Ebrard. \u00abNumerosas organizaciones regionales, pa\u00edses, est\u00e1n estableciendo contacto con [&hellip;]<\/p>\n","protected":false},"author":5,"featured_media":307217,"comment_status":"closed","ping_status":"","sticky":true,"template":"","format":"standard","meta":{"footnotes":""},"categories":[23,27],"tags":[],"class_list":["post-307214","post","type-post","status-publish","format-standard","has-post-thumbnail","hentry","category-internacional","category-portada"],"_links":{"self":[{"href":"https:\/\/diariodominicano.com\/index.php?rest_route=\/wp\/v2\/posts\/307214","targetHints":{"allow":["GET"]}}],"collection":[{"href":"https:\/\/diariodominicano.com\/index.php?rest_route=\/wp\/v2\/posts"}],"about":[{"href":"https:\/\/diariodominicano.com\/index.php?rest_route=\/wp\/v2\/types\/post"}],"author":[{"embeddable":true,"href":"https:\/\/diariodominicano.com\/index.php?rest_route=\/wp\/v2\/users\/5"}],"replies":[{"embeddable":true,"href":"https:\/\/diariodominicano.com\/index.php?rest_route=%2Fwp%2Fv2%2Fcomments&post=307214"}],"version-history":[{"count":1,"href":"https:\/\/diariodominicano.com\/index.php?rest_route=\/wp\/v2\/posts\/307214\/revisions"}],"predecessor-version":[{"id":307219,"href":"https:\/\/diariodominicano.com\/index.php?rest_route=\/wp\/v2\/posts\/307214\/revisions\/307219"}],"wp:featuredmedia":[{"embeddable":true,"href":"https:\/\/diariodominicano.com\/index.php?rest_route=\/wp\/v2\/media\/307217"}],"wp:attachment":[{"href":"https:\/\/diariodominicano.com\/index.php?rest_route=%2Fwp%2Fv2%2Fmedia&parent=307214"}],"wp:term":[{"taxonomy":"category","embeddable":true,"href":"https:\/\/diariodominicano.com\/index.php?rest_route=%2Fwp%2Fv2%2Fcategories&post=307214"},{"taxonomy":"post_tag","embeddable":true,"href":"https:\/\/diariodominicano.com\/index.php?rest_route=%2Fwp%2Fv2%2Ftags&post=307214"}],"curies":[{"name":"wp","href":"https:\/\/api.w.org\/{rel}","templated":true}]}}