{"id":307201,"date":"2021-11-10T12:44:10","date_gmt":"2021-11-10T16:44:10","guid":{"rendered":"http:\/\/diariodominicano.com\/?p=307201"},"modified":"2021-11-10T12:46:23","modified_gmt":"2021-11-10T16:46:23","slug":"pedro-martinez-foundation-y-daddys-house-unen-esfuerzos-para-impartir-programas-de-emprendimiento-y-liderazgo","status":"publish","type":"post","link":"https:\/\/diariodominicano.com\/?p=307201","title":{"rendered":"Pedro Mart\u00ednez Foundation y Daddy\u2019s House unen esfuerzos para impartir programas de emprendimiento y liderazgo"},"content":{"rendered":"\n<p><strong>\u00a0<em>Los programas formativos Hapa, Red de L\u00edderes y Capac\u00edtate se extender\u00e1n a la comunidad El Tamarindo, Santo Domingo Este, donde se pretende beneficiar a decenas de ni\u00f1os, adolescentes, j\u00f3venes y familias de escasos recursos<\/em><\/strong><\/p>\n\n\n\n<p>SANTO DOMINGO, Rep\u00fablica Dominicana.- Con el prop\u00f3sito de contribuir al desarrollo formativo e integral de decenas de ni\u00f1os, adolescentes, j\u00f3venes y familias, Pedro Mart\u00ednez Foundation firm\u00f3 un acuerdo de colaboraci\u00f3n interinstitucional con Daddy\u2019s House Rep\u00fablica Dominicana, un centro infantil que forma parte de la fundaci\u00f3n Coraz\u00f3n Guerrero del reguetonero puertorrique\u00f1o Daddy Yankee.<\/p>\n\n\n\n<p>\u201cEstamos aqu\u00ed por ni\u00f1os y ni\u00f1as que tienen un sue\u00f1o, tienen un futuro, tienen sus metas\u2026 La labor que lleva acabo Daddy\u2019s House es extraordinaria, y nosotros como Fundaci\u00f3n Pedro Mart\u00ednez hemos venido a apoyar, a fortalecer, lo que ya ustedes tienen aqu\u00ed\u201d, expres\u00f3 Carolina Mart\u00ednez, presidenta de Pedro Mart\u00ednez Foundation. &nbsp;<\/p>\n\n\n\n<p>Este convenio busca unir esfuerzos para reforzar las actividades formativas que ejecuta Pedro Mart\u00ednez Foundation a trav\u00e9s de sus proyectos de emprendimiento, liderazgo y capacitaci\u00f3n: Hapa, Red de L\u00edderes y Capac\u00edtate, los cuales buscan incentivar el esp\u00edritu emprendedor, as\u00ed como el desarrollo educativo, social y productivo de ni\u00f1os, j\u00f3venes, &nbsp;&nbsp;&nbsp;adolescentes y comunitarios de sectores vulnerables<\/p>\n\n\n\n<p>Uno de los pilares de Pedro Mart\u00ednez Foundation es terminar con la pobreza generacional, por lo que -a trav\u00e9s de los a\u00f1os- ha buscado invertir de forma hol\u00edstica en cientos de j\u00f3venes y sus familias en un espacio seguro donde puedan sentirse motivados a aprender. \u201cCada uno de los programas tienen un enfoque que invierte en el bienestar total del ni\u00f1o y de la ni\u00f1a (la mente, el cuerpo y el esp\u00edritu). Cada decisi\u00f3n de hoy impacta en lo que se convertir\u00e1n. Nuestro objetivo es levantar ni\u00f1os y ni\u00f1as sanos que transciendan sus realidades y puedan acceder a oportunidades para tener \u00e9xito en la vida\u201d, expres\u00f3 Mart\u00ednez.<\/p>\n\n\n\n<p>Los programas formativos expuestos en el convenio se ejecutar\u00e1n en la comunidad El Tamarindo, Santo Domingo Este. \u201cLas iniciativas que tenemos en Manoguayabo, Villa Altagracia y Monte Plata las vamos a extrapolar a esta comunidad, con el objetivo de forjar en los ni\u00f1os, ni\u00f1as y adolescentes los buenos h\u00e1bitos y las habilidades que se necesitan para cambiar sus historias\u201d, asegur\u00f3 Jhonan Mer\u00e1n,&nbsp; director general de Pedro Mart\u00ednez Foundation.<\/p>\n\n\n\n<p>De su lado, Rafael Erazo Serrano, presidente de Daddy\u2019s House, afirm\u00f3 que esa instituci\u00f3n tiene el compromiso y la responsabilidad de mejorar la vida de los m\u00e1s necesitados. \u201cEs una comunidad que requiere ser vista de manera integral. As\u00ed que al trabajo que realizamos en Daddy\u2019s House, agregaremos la parte educativa por parte de Pedro Mart\u00ednez Foundation, lo cual va a beneficiar a muchos. Todos merecen mejores condiciones y estamos dispuestos a trabajar en conjunto para lograrlo\u201d, indic\u00f3.<\/p>\n\n\n\n<p><strong>M\u00e1s acciones<\/strong><\/p>\n\n\n\n<p>Durante el 2021, Pedro Mart\u00ednez Foundation ha retomado la capacitaci\u00f3n presencial en materia de emprendimiento. \u201cJunto al a\u00f1o escolar 2021-2022 hemos reactivado la unidad de atenci\u00f3n a las escuelas, que apoya con servicios psicol\u00f3gicos y educativos a los ni\u00f1os, ni\u00f1as y adolescentes. Adem\u00e1s, capacitamos a los docentes y por supuesto impartimos talleres de crianza positiva a las familias\u201d, explic\u00f3 Carolina Mart\u00ednez durante la firma del acuerdo.<\/p>\n\n\n\n<p>Desde el inicio de la pandemia del Covid 19, la organizaci\u00f3n tambi\u00e9n adapt\u00f3 su log\u00edstica institucional y sus programas para dar seguimiento a las familias e impartir capacitaci\u00f3n a 450 emprendedores. Asimismo, se abri\u00f3 una l\u00ednea de ayuda psicol\u00f3gica a nivel nacional e internacional. Todo esto junto a varios operativos de entrega de alimentos de la canasta b\u00e1sica familiar a m\u00e1s de 48 comunidades;&nbsp; kits de art\u00edculos de cuidado personal; suplementos alimenticios para ni\u00f1os y ni\u00f1as de 6 meses a 5 a\u00f1os; art\u00edculos de bioprotecci\u00f3n y seguridad para m\u00e1s de 50 centros de salud a nivel nacional, entre otras acciones.<\/p>\n\n\n\n<p><strong>Para m\u00e1s informaci\u00f3n:<\/strong><strong><\/strong><\/p>\n\n\n\n<p><strong>Space Writing, Agencia de Comunicaci\u00f3n<\/strong><strong><\/strong><\/p>\n\n\n\n<p><strong>@spacewriting<\/strong><\/p>\n","protected":false},"excerpt":{"rendered":"<p>\u00a0Los programas formativos Hapa, Red de L\u00edderes y Capac\u00edtate se extender\u00e1n a la comunidad El Tamarindo, Santo Domingo Este, donde se pretende beneficiar a decenas de ni\u00f1os, adolescentes, j\u00f3venes y familias de escasos recursos SANTO DOMINGO, Rep\u00fablica Dominicana.- Con el prop\u00f3sito de contribuir al desarrollo formativo e integral de decenas de ni\u00f1os, adolescentes, j\u00f3venes y [&hellip;]<\/p>\n","protected":false},"author":2,"featured_media":307202,"comment_status":"closed","ping_status":"","sticky":true,"template":"","format":"standard","meta":{"footnotes":""},"categories":[25,27],"tags":[],"class_list":["post-307201","post","type-post","status-publish","format-standard","has-post-thumbnail","hentry","category-gente","category-portada"],"_links":{"self":[{"href":"https:\/\/diariodominicano.com\/index.php?rest_route=\/wp\/v2\/posts\/307201","targetHints":{"allow":["GET"]}}],"collection":[{"href":"https:\/\/diariodominicano.com\/index.php?rest_route=\/wp\/v2\/posts"}],"about":[{"href":"https:\/\/diariodominicano.com\/index.php?rest_route=\/wp\/v2\/types\/post"}],"author":[{"embeddable":true,"href":"https:\/\/diariodominicano.com\/index.php?rest_route=\/wp\/v2\/users\/2"}],"replies":[{"embeddable":true,"href":"https:\/\/diariodominicano.com\/index.php?rest_route=%2Fwp%2Fv2%2Fcomments&post=307201"}],"version-history":[{"count":3,"href":"https:\/\/diariodominicano.com\/index.php?rest_route=\/wp\/v2\/posts\/307201\/revisions"}],"predecessor-version":[{"id":307205,"href":"https:\/\/diariodominicano.com\/index.php?rest_route=\/wp\/v2\/posts\/307201\/revisions\/307205"}],"wp:featuredmedia":[{"embeddable":true,"href":"https:\/\/diariodominicano.com\/index.php?rest_route=\/wp\/v2\/media\/307202"}],"wp:attachment":[{"href":"https:\/\/diariodominicano.com\/index.php?rest_route=%2Fwp%2Fv2%2Fmedia&parent=307201"}],"wp:term":[{"taxonomy":"category","embeddable":true,"href":"https:\/\/diariodominicano.com\/index.php?rest_route=%2Fwp%2Fv2%2Fcategories&post=307201"},{"taxonomy":"post_tag","embeddable":true,"href":"https:\/\/diariodominicano.com\/index.php?rest_route=%2Fwp%2Fv2%2Ftags&post=307201"}],"curies":[{"name":"wp","href":"https:\/\/api.w.org\/{rel}","templated":true}]}}