{"id":307198,"date":"2021-11-10T12:33:52","date_gmt":"2021-11-10T16:33:52","guid":{"rendered":"http:\/\/diariodominicano.com\/?p=307198"},"modified":"2021-11-10T12:33:52","modified_gmt":"2021-11-10T16:33:52","slug":"conductores-de-plataformas-digitales-piden-al-presidente-luis-abinader-la-destitucion-del-director-del-intrant","status":"publish","type":"post","link":"https:\/\/diariodominicano.com\/?p=307198","title":{"rendered":"Conductores de plataformas digitales piden al presidente Luis Abinader la destituci\u00f3n del director del Intrant"},"content":{"rendered":"\n<p><strong>Santo Domingo, RD,10 de noviembre de 2021.-<\/strong> Tras un comunicado publicado por el Instituto Nacional de Tr\u00e1nsito y Transporte Terrestre (Intrant), en el que informa que Las empresas de taxis por plataformas tecnol\u00f3gicas que operan en Rep\u00fablica Dominicana deber\u00e1n prestar servicio a no menos de un kil\u00f3metro de distancia del \u00e1rea donde prestan servicio las compa\u00f1\u00edas de taxis tradicionales.<\/p>\n\n\n\n<p>Los conductores de las aplicaciones digitales, como Uber, Indriver&nbsp;y Didi en el gran Santo Domingo, solicitan la inmediata destituci\u00f3n del director del Intrant el licenciado Rafael Arias, porque entienden quiere coartar a los usuarios de sus servicios para favorecer a los taxistas tradicionales sin importar el sacrificio que cada conductor debe hacer a diario para el sustento de su familia.<\/p>\n\n\n\n<p>El vocero de la asociaci\u00f3n de taxistas digitales Juan Mart\u00ednez dijo que Rafael Arias no puede ser juez&nbsp; y parte en esta problem\u00e1tica,&nbsp; porque responde a los lineamientos del sindicalista y tambi\u00e9n senador Antonio Marte. Tambi\u00e9n aseguran tienen informaciones de que el director del Intrant tiene acciones en la compa\u00f1\u00eda Apolo Taxi.<\/p>\n\n\n\n<p>Consideran que la normativa de que los veh\u00edculos&nbsp;que prestan servicios de taxis por plataforma no pueden exceder los 15 a\u00f1os de fabricaci\u00f3n y deben tener su pintura, frenos, neum\u00e1ticos y juego de luces en buen estado, deben ser aplicadas a las rutas de concho y a las guaguas del transporte p\u00fablico que andan botando los pedazos en la v\u00eda p\u00fablica.<\/p>\n\n\n\n<p>\u201cNosotros los taxistas de Uber ofrecemos a nuestros clientes un servicio de calidad, con veh\u00edculos en buen estado, higienizados, con buen aire, tratamos al usuario con respeto, por eso respaldan nuestro trabajo\u201d.<\/p>\n\n\n\n<p>Expresaron que \u201cUber ha sido un aliciente, un soporte a la gigantesca tasa de desempleo que vivimos en la Rep\u00fablica Dominicana, en la actualidad somos aproximadamente 30,000 socios conductores de Uber, y al igual que los tradicionales pagamos impuestos en cada neum\u00e1tico que compramos, en el combustible que consumimos a diario, que a trav\u00e9s de nosotros se benefician tiendas, supermercados, farmacias, los gomeros y los que trabajan de manera informal en las calles\u201d.<\/p>\n\n\n\n<p><strong>Comunicaci\u00f3n Efectiva<\/strong>\u00a0&lt;ecomunicacion7@gmail.com><\/p>\n","protected":false},"excerpt":{"rendered":"<p>Santo Domingo, RD,10 de noviembre de 2021.- Tras un comunicado publicado por el Instituto Nacional de Tr\u00e1nsito y Transporte Terrestre (Intrant), en el que informa que Las empresas de taxis por plataformas tecnol\u00f3gicas que operan en Rep\u00fablica Dominicana deber\u00e1n prestar servicio a no menos de un kil\u00f3metro de distancia del \u00e1rea donde prestan servicio las [&hellip;]<\/p>\n","protected":false},"author":2,"featured_media":307199,"comment_status":"closed","ping_status":"","sticky":true,"template":"","format":"standard","meta":{"footnotes":""},"categories":[20,27],"tags":[],"class_list":["post-307198","post","type-post","status-publish","format-standard","has-post-thumbnail","hentry","category-dominicana-hoy","category-portada"],"_links":{"self":[{"href":"https:\/\/diariodominicano.com\/index.php?rest_route=\/wp\/v2\/posts\/307198","targetHints":{"allow":["GET"]}}],"collection":[{"href":"https:\/\/diariodominicano.com\/index.php?rest_route=\/wp\/v2\/posts"}],"about":[{"href":"https:\/\/diariodominicano.com\/index.php?rest_route=\/wp\/v2\/types\/post"}],"author":[{"embeddable":true,"href":"https:\/\/diariodominicano.com\/index.php?rest_route=\/wp\/v2\/users\/2"}],"replies":[{"embeddable":true,"href":"https:\/\/diariodominicano.com\/index.php?rest_route=%2Fwp%2Fv2%2Fcomments&post=307198"}],"version-history":[{"count":1,"href":"https:\/\/diariodominicano.com\/index.php?rest_route=\/wp\/v2\/posts\/307198\/revisions"}],"predecessor-version":[{"id":307200,"href":"https:\/\/diariodominicano.com\/index.php?rest_route=\/wp\/v2\/posts\/307198\/revisions\/307200"}],"wp:featuredmedia":[{"embeddable":true,"href":"https:\/\/diariodominicano.com\/index.php?rest_route=\/wp\/v2\/media\/307199"}],"wp:attachment":[{"href":"https:\/\/diariodominicano.com\/index.php?rest_route=%2Fwp%2Fv2%2Fmedia&parent=307198"}],"wp:term":[{"taxonomy":"category","embeddable":true,"href":"https:\/\/diariodominicano.com\/index.php?rest_route=%2Fwp%2Fv2%2Fcategories&post=307198"},{"taxonomy":"post_tag","embeddable":true,"href":"https:\/\/diariodominicano.com\/index.php?rest_route=%2Fwp%2Fv2%2Ftags&post=307198"}],"curies":[{"name":"wp","href":"https:\/\/api.w.org\/{rel}","templated":true}]}}