{"id":307189,"date":"2021-11-10T12:25:38","date_gmt":"2021-11-10T16:25:38","guid":{"rendered":"http:\/\/diariodominicano.com\/?p=307189"},"modified":"2021-11-10T13:32:07","modified_gmt":"2021-11-10T17:32:07","slug":"sacerdote-eugenio-castano-destaca-que-reinaldo-pared-perez-fue-gran-servidor-y-practicante-de-la-solidaridad","status":"publish","type":"post","link":"https:\/\/diariodominicano.com\/?p=307189","title":{"rendered":"Sacerdote Eugenio Casta\u00f1o: Reinaldo Pared P\u00e9rez fue gran servidor y practicante de la solidaridad"},"content":{"rendered":"\n<p>diariodominicano.com<\/p>\n\n\n\n<p> <strong>\u201cFue un gran servidor, un negociador en tantos momentos de la vida, siempre buscando la armon\u00eda. Como persona se distingu\u00eda como un hombre afable, social, culto, decente y muy solidario\u201d dijo  <strong>el Sacerdote&nbsp; Eugenio Casta\u00f1o<\/strong> al reclamar sus oraciones a favor del perd\u00f3n y paz a su alma. <\/strong><\/p>\n\n\n\n<p><strong>Santo Domingo, R. D.,  10 de noviembre, 2021.-<\/strong>  <strong>El Sacerdote&nbsp; Eugenio Casta\u00f1o, &nbsp;de la Parroquia San Judas Tadeo<\/strong>&nbsp;del Distrito Nacional, &nbsp;al dedicar sus oraciones en la homil\u00eda de la misa por el novenario del fallecimiento del&nbsp;<strong>Secretario General Ad-Vitam del Partido de la Liberaci\u00f3n Dominicana (PLD), Reinaldo Pared P\u00e9rez,<\/strong>&nbsp;resalt\u00f3 las cualidades que adornaron su vida, como ciudadano con responsabilidades en la pol\u00edtica y en las posiciones electivas que desempe\u00f1\u00f3.<\/p>\n\n\n\n<p>\u201cFue un gran servidor, un negociador en tantos momentos de la vida, siempre buscando la armon\u00eda. Como persona se distingu\u00eda como un hombre afable, social, culto, decente y muy solidario\u201d dijo al reclamar sus oraciones a favor del perd\u00f3n y paz a su alma.<\/p>\n\n\n\n<div class=\"wp-block-image\"><figure class=\"alignright size-large is-resized\"><img loading=\"lazy\" decoding=\"async\" src=\"https:\/\/diariodominicano.com\/wp-content\/uploads\/2021\/11\/misareinaldo-esposa-Madre11-11-21.jpeg\" alt=\"\" class=\"wp-image-307194\" width=\"406\" height=\"277\" srcset=\"https:\/\/diariodominicano.com\/wp-content\/uploads\/2021\/11\/misareinaldo-esposa-Madre11-11-21.jpeg 1024w, https:\/\/diariodominicano.com\/wp-content\/uploads\/2021\/11\/misareinaldo-esposa-Madre11-11-21-300x204.jpeg 300w, https:\/\/diariodominicano.com\/wp-content\/uploads\/2021\/11\/misareinaldo-esposa-Madre11-11-21-768x524.jpeg 768w, https:\/\/diariodominicano.com\/wp-content\/uploads\/2021\/11\/misareinaldo-esposa-Madre11-11-21-816x556.jpeg 816w\" sizes=\"auto, (max-width: 406px) 100vw, 406px\" \/><\/figure><\/div>\n\n\n\n<p>Conjuntamente con sus familiares, &nbsp;una representaci\u00f3n de la direcci\u00f3n del Partido de la Liberaci\u00f3n Dominicana (PLD) &nbsp;particip\u00f3 de la ceremonia religiosa en la que, &nbsp;adem\u00e1s de la intervenci\u00f3n de &nbsp;los celebrantes, participaron familiares y amigos en la lectura de las palabras y en el momento de las gracias.<\/p>\n\n\n\n<p>Una  representaci\u00f3n de congresistas, de dirigentes del PLD, de otros partidos pol\u00edticos, de empresarios, familiares,&nbsp;&nbsp; funcionarios p\u00fablicos, &nbsp;amigos y relacionados, cop\u00f3 el espacio del templo ubicado en Naco, sector donde resid\u00eda el ex Presidente del Senado fallecido &nbsp;<\/p>\n\n\n\n<p>En primera fila estaba su viuda Ingrid Mendoza junto a sus hijos y otros parientes del fallecido dirigente pelede\u00edsta, su madre Do\u00f1a Milagros P\u00e9rez, viuda Pared y sus hermanos, Carlos, Sigfrido y Reinzi Pared P\u00e9rez. Sus hijos Reinaldo, Melinn\u00e9, Andr\u00e9s Arturo, Mar\u00eda del Pilar, as\u00ed como sobrinos y otros familiares.<\/p>\n\n\n\n<div class=\"wp-block-image\"><figure class=\"alignleft size-large is-resized\"><img loading=\"lazy\" decoding=\"async\" src=\"https:\/\/diariodominicano.com\/wp-content\/uploads\/2021\/11\/misareinaldoParroquiaSan-JudasTadeo11-11-21.jpeg\" alt=\"\" class=\"wp-image-307195\" width=\"446\" height=\"150\" srcset=\"https:\/\/diariodominicano.com\/wp-content\/uploads\/2021\/11\/misareinaldoParroquiaSan-JudasTadeo11-11-21.jpeg 1024w, https:\/\/diariodominicano.com\/wp-content\/uploads\/2021\/11\/misareinaldoParroquiaSan-JudasTadeo11-11-21-300x101.jpeg 300w, https:\/\/diariodominicano.com\/wp-content\/uploads\/2021\/11\/misareinaldoParroquiaSan-JudasTadeo11-11-21-768x260.jpeg 768w, https:\/\/diariodominicano.com\/wp-content\/uploads\/2021\/11\/misareinaldoParroquiaSan-JudasTadeo11-11-21-816x276.jpeg 816w\" sizes=\"auto, (max-width: 446px) 100vw, 446px\" \/><\/figure><\/div>\n\n\n\n<p>Una &nbsp;representaci\u00f3n de los comit\u00e9s Pol\u00edtico y Central del PLD particip\u00f3 de la misa, &nbsp;entre ellos la &nbsp;ex vicepresidenta de la Rep\u00fablica, Margarita Cede\u00f1o; Francisco Dom\u00ednguez Brito, Cristina Lizardo, Tommy Gal\u00e1n, Rub\u00e9n Dar\u00edo Cruz (Rub\u00e9n Toyota), Radham\u00e9s Camacho, Margarita Pimentel, Alexis Lantigua, V\u00edctor Suarez, Armando Garc\u00eda, Karen Ricardo y Maribel Acosta, entre otros.<\/p>\n\n\n\n<p>La magistrada Procuradora General de la Rep\u00fablica, Miriam Germ\u00e1n Brito, congresistas, empresarios, militares&nbsp; y funcionarios del Gobierno participaron de la ceremonia religiosa, as\u00ed como reconocidos comunicadores y abogados en ejercicio, destac\u00f3 la Secretar\u00eda de Comunicaciones del PLD en una nota informativa.<\/p>\n\n\n\n<p>El secretario general Ad-Vitam del Partido de la Liberaci\u00f3n Dominicana (PLD) muri\u00f3 el pasado jueves 28 de octubre &nbsp;en su residencia de Juan Dolio, suceso&nbsp; que constern\u00f3 al pa\u00eds, como se manifest\u00f3 en la masiva asistencia a su velatorio y sepelio. &nbsp;<\/p>\n\n\n\n<p>Fuente:  <strong>SECRETARIA DE COMUNICACIONES<\/strong><\/p>\n\n\n\n<p><strong>10 DE NOVIEMBRE, 2021.-<\/strong><\/p>\n","protected":false},"excerpt":{"rendered":"<p>diariodominicano.com \u201cFue un gran servidor, un negociador en tantos momentos de la vida, siempre buscando la armon\u00eda. Como persona se distingu\u00eda como un hombre afable, social, culto, decente y muy solidario\u201d dijo el Sacerdote&nbsp; Eugenio Casta\u00f1o al reclamar sus oraciones a favor del perd\u00f3n y paz a su alma. Santo Domingo, R. D., 10 de [&hellip;]<\/p>\n","protected":false},"author":5,"featured_media":307193,"comment_status":"closed","ping_status":"","sticky":true,"template":"","format":"standard","meta":{"footnotes":""},"categories":[22,27],"tags":[],"class_list":["post-307189","post","type-post","status-publish","format-standard","has-post-thumbnail","hentry","category-politica","category-portada"],"_links":{"self":[{"href":"https:\/\/diariodominicano.com\/index.php?rest_route=\/wp\/v2\/posts\/307189","targetHints":{"allow":["GET"]}}],"collection":[{"href":"https:\/\/diariodominicano.com\/index.php?rest_route=\/wp\/v2\/posts"}],"about":[{"href":"https:\/\/diariodominicano.com\/index.php?rest_route=\/wp\/v2\/types\/post"}],"author":[{"embeddable":true,"href":"https:\/\/diariodominicano.com\/index.php?rest_route=\/wp\/v2\/users\/5"}],"replies":[{"embeddable":true,"href":"https:\/\/diariodominicano.com\/index.php?rest_route=%2Fwp%2Fv2%2Fcomments&post=307189"}],"version-history":[{"count":4,"href":"https:\/\/diariodominicano.com\/index.php?rest_route=\/wp\/v2\/posts\/307189\/revisions"}],"predecessor-version":[{"id":307227,"href":"https:\/\/diariodominicano.com\/index.php?rest_route=\/wp\/v2\/posts\/307189\/revisions\/307227"}],"wp:featuredmedia":[{"embeddable":true,"href":"https:\/\/diariodominicano.com\/index.php?rest_route=\/wp\/v2\/media\/307193"}],"wp:attachment":[{"href":"https:\/\/diariodominicano.com\/index.php?rest_route=%2Fwp%2Fv2%2Fmedia&parent=307189"}],"wp:term":[{"taxonomy":"category","embeddable":true,"href":"https:\/\/diariodominicano.com\/index.php?rest_route=%2Fwp%2Fv2%2Fcategories&post=307189"},{"taxonomy":"post_tag","embeddable":true,"href":"https:\/\/diariodominicano.com\/index.php?rest_route=%2Fwp%2Fv2%2Ftags&post=307189"}],"curies":[{"name":"wp","href":"https:\/\/api.w.org\/{rel}","templated":true}]}}