{"id":307186,"date":"2021-11-10T12:12:08","date_gmt":"2021-11-10T16:12:08","guid":{"rendered":"http:\/\/diariodominicano.com\/?p=307186"},"modified":"2021-11-10T12:12:08","modified_gmt":"2021-11-10T16:12:08","slug":"acto-en-conmemoracion-del-29-aniversario-del-asesinato-de-la-dominicana-lucrecia-perez-matos","status":"publish","type":"post","link":"https:\/\/diariodominicano.com\/?p=307186","title":{"rendered":"Acto en conmemoraci\u00f3n del 29 aniversario del asesinato de la dominicana Lucrecia P\u00e9rez Matos"},"content":{"rendered":"\n<p><strong>Madrid, Espa\u00f1a.<\/strong>&#8211; Este s\u00e1bado 13 de noviembre se cumplen 29 a\u00f1os del asesinato de la dominicana Lucrecia P\u00e9rez Matos, en Madrid, Espa\u00f1a; a manos de un guardia civil, suceso motivado por la discriminaci\u00f3n que se viv\u00eda en ese momento.<\/p>\n\n\n\n<p>La Embajada de la Rep\u00fablica Dominicana ante el Reino de Espa\u00f1a honrar\u00e1 la memoria de Lucrecia en un acto significativo, el pr\u00f3ximo s\u00e1bado 13 de noviembre a las 11.00 h. en el Sal\u00f3n de actos de la Fundaci\u00f3n Progreso y Cultura de la UGT.<\/p>\n\n\n\n<p>En la actividad se desarrollar\u00e1 un panel compuesto por la Sra. Bernarda Jim\u00e9nez, autora del libro Lucrecia P\u00e9rez Matos: \u201cUna muerte anunciada y la primera inmigraci\u00f3n laboral a Espa\u00f1a\u201d, la Sra. Kenia Carvajal, hija de Lucrecia y la Sra. Patrocinio de las Heras, ex concejala del Distrito de Aravaca. La participaci\u00f3n art\u00edstica estar\u00e1 a cargo de la escritora Marielys Duluc, la cantante Claudia S\u00e1nchez Vizca\u00edno y el pianista Mtro. Daniel Oriza.<\/p>\n\n\n\n<p>Posterior al acto se llevar\u00e1 una ofrenda floral al monumento de Lucrecia P\u00e9rez, ubicado en la avenida de la Osa Mayor 2, Madrid.<\/p>\n\n\n\n<p>Lucrecia P\u00e9rez Matos naci\u00f3 el 15 de diciembre de 1959 en Vicente Noble, Barahona, Rep\u00fablica Dominicana. Emigr\u00f3 a Espa\u00f1a en busca de un mejor futuro y poder enviar as\u00ed, el sustento de su hija a quien dej\u00f3 en su pa\u00eds natal. Fue asesinada en Madrid, v\u00edctima de racismo y xenofobia, el primer caso reconocido como tal en Espa\u00f1a.<\/p>\n\n\n\n<p><br>Samuel Esteban<\/p>\n\n\n\n<p>Encargado de Asuntos Culturales, Comunicaci\u00f3n &amp;\u00a0Prensa<\/p>\n\n\n\n<p><strong>Embajada de la Rep\u00fablica Dominicana<\/strong><\/p>\n","protected":false},"excerpt":{"rendered":"<p>Madrid, Espa\u00f1a.&#8211; Este s\u00e1bado 13 de noviembre se cumplen 29 a\u00f1os del asesinato de la dominicana Lucrecia P\u00e9rez Matos, en Madrid, Espa\u00f1a; a manos de un guardia civil, suceso motivado por la discriminaci\u00f3n que se viv\u00eda en ese momento. La Embajada de la Rep\u00fablica Dominicana ante el Reino de Espa\u00f1a honrar\u00e1 la memoria de Lucrecia [&hellip;]<\/p>\n","protected":false},"author":2,"featured_media":307190,"comment_status":"closed","ping_status":"","sticky":true,"template":"","format":"standard","meta":{"footnotes":""},"categories":[25,27],"tags":[],"class_list":["post-307186","post","type-post","status-publish","format-standard","has-post-thumbnail","hentry","category-gente","category-portada"],"_links":{"self":[{"href":"https:\/\/diariodominicano.com\/index.php?rest_route=\/wp\/v2\/posts\/307186","targetHints":{"allow":["GET"]}}],"collection":[{"href":"https:\/\/diariodominicano.com\/index.php?rest_route=\/wp\/v2\/posts"}],"about":[{"href":"https:\/\/diariodominicano.com\/index.php?rest_route=\/wp\/v2\/types\/post"}],"author":[{"embeddable":true,"href":"https:\/\/diariodominicano.com\/index.php?rest_route=\/wp\/v2\/users\/2"}],"replies":[{"embeddable":true,"href":"https:\/\/diariodominicano.com\/index.php?rest_route=%2Fwp%2Fv2%2Fcomments&post=307186"}],"version-history":[{"count":1,"href":"https:\/\/diariodominicano.com\/index.php?rest_route=\/wp\/v2\/posts\/307186\/revisions"}],"predecessor-version":[{"id":307191,"href":"https:\/\/diariodominicano.com\/index.php?rest_route=\/wp\/v2\/posts\/307186\/revisions\/307191"}],"wp:featuredmedia":[{"embeddable":true,"href":"https:\/\/diariodominicano.com\/index.php?rest_route=\/wp\/v2\/media\/307190"}],"wp:attachment":[{"href":"https:\/\/diariodominicano.com\/index.php?rest_route=%2Fwp%2Fv2%2Fmedia&parent=307186"}],"wp:term":[{"taxonomy":"category","embeddable":true,"href":"https:\/\/diariodominicano.com\/index.php?rest_route=%2Fwp%2Fv2%2Fcategories&post=307186"},{"taxonomy":"post_tag","embeddable":true,"href":"https:\/\/diariodominicano.com\/index.php?rest_route=%2Fwp%2Fv2%2Ftags&post=307186"}],"curies":[{"name":"wp","href":"https:\/\/api.w.org\/{rel}","templated":true}]}}