{"id":307183,"date":"2021-11-10T12:08:24","date_gmt":"2021-11-10T16:08:24","guid":{"rendered":"http:\/\/diariodominicano.com\/?p=307183"},"modified":"2021-11-10T12:08:24","modified_gmt":"2021-11-10T16:08:24","slug":"renuncia-primer-ministro-de-suecia","status":"publish","type":"post","link":"https:\/\/diariodominicano.com\/?p=307183","title":{"rendered":"Renuncia primer ministro de Suecia"},"content":{"rendered":"\n<p>diariodominicano.com<a rel=\"noreferrer noopener\" href=\"https:\/\/www.xinhua-news.com\/gdsdetailxhs\/share\/10590717-?pageflag=iframe\" target=\"_blank\"><\/a><\/p>\n\n\n\n<pre id=\"text-news-description\" class=\"wp-block-preformatted\">   ESTOCOLMO, 10 nov (Xinhua) -- El primer ministro de Suecia, Stefan Lofven, present\u00f3 hoy mi\u00e9rcoles su renuncia y pidi\u00f3 al presidente del Parlamento, Andreas Norlen, que comience el proceso formal para encontrar a su sucesor.\n   Lofven, quien encabezar\u00e1 un Gobierno provisional hasta el nombramiento de un nuevo primer ministro, hab\u00eda insistido previamente en que conducir\u00eda a los Socialdem\u00f3cratas en las elecciones del 2022. Sin embargo, en agosto anunci\u00f3 inesperadamente su decisi\u00f3n de renunciar.\n   El sorprendente anuncio se dio luego de un a\u00f1o turbulento.\n   En julio, Lofven fue reelegido como primer ministro poco despu\u00e9s de convertirse en el primer jefe de Gobierno sueco en ser destituido por una moci\u00f3n de censura en junio.\n   Ha sido presidente de los Socialdem\u00f3cratas desde 2010 y primer ministro del pa\u00eds desde 2014.\n   El 4 de noviembre, renunci\u00f3 como dirigente del partido y la ministra de Finanzas, Magdalena Andersson, fue elegida para dirigir a los Socialdem\u00f3cratas.\n   La mayor\u00eda de los analistas pol\u00edticos creen que el presidente parlamentario propondr\u00e1 a Andersson como la pr\u00f3xima primera ministra, pero debido a la situaci\u00f3n parlamentaria, necesitar\u00eda el apoyo de los partidos de izquierda y de centro.\n   En caso de que una mayor\u00eda no vote en su contra, Andersson se convertir\u00eda en la primera mujer en ocupar el cargo de primer ministro de Suecia.<\/pre>\n","protected":false},"excerpt":{"rendered":"<p>diariodominicano.com ESTOCOLMO, 10 nov (Xinhua) &#8212; El primer ministro de Suecia, Stefan Lofven, present\u00f3 hoy mi\u00e9rcoles su renuncia y pidi\u00f3 al presidente del Parlamento, Andreas Norlen, que comience el proceso formal para encontrar a su sucesor. Lofven, quien encabezar\u00e1 un Gobierno provisional hasta el nombramiento de un nuevo primer ministro, hab\u00eda insistido previamente en que [&hellip;]<\/p>\n","protected":false},"author":5,"featured_media":307187,"comment_status":"closed","ping_status":"","sticky":true,"template":"","format":"standard","meta":{"footnotes":""},"categories":[23,27],"tags":[],"class_list":["post-307183","post","type-post","status-publish","format-standard","has-post-thumbnail","hentry","category-internacional","category-portada"],"_links":{"self":[{"href":"https:\/\/diariodominicano.com\/index.php?rest_route=\/wp\/v2\/posts\/307183","targetHints":{"allow":["GET"]}}],"collection":[{"href":"https:\/\/diariodominicano.com\/index.php?rest_route=\/wp\/v2\/posts"}],"about":[{"href":"https:\/\/diariodominicano.com\/index.php?rest_route=\/wp\/v2\/types\/post"}],"author":[{"embeddable":true,"href":"https:\/\/diariodominicano.com\/index.php?rest_route=\/wp\/v2\/users\/5"}],"replies":[{"embeddable":true,"href":"https:\/\/diariodominicano.com\/index.php?rest_route=%2Fwp%2Fv2%2Fcomments&post=307183"}],"version-history":[{"count":1,"href":"https:\/\/diariodominicano.com\/index.php?rest_route=\/wp\/v2\/posts\/307183\/revisions"}],"predecessor-version":[{"id":307188,"href":"https:\/\/diariodominicano.com\/index.php?rest_route=\/wp\/v2\/posts\/307183\/revisions\/307188"}],"wp:featuredmedia":[{"embeddable":true,"href":"https:\/\/diariodominicano.com\/index.php?rest_route=\/wp\/v2\/media\/307187"}],"wp:attachment":[{"href":"https:\/\/diariodominicano.com\/index.php?rest_route=%2Fwp%2Fv2%2Fmedia&parent=307183"}],"wp:term":[{"taxonomy":"category","embeddable":true,"href":"https:\/\/diariodominicano.com\/index.php?rest_route=%2Fwp%2Fv2%2Fcategories&post=307183"},{"taxonomy":"post_tag","embeddable":true,"href":"https:\/\/diariodominicano.com\/index.php?rest_route=%2Fwp%2Fv2%2Ftags&post=307183"}],"curies":[{"name":"wp","href":"https:\/\/api.w.org\/{rel}","templated":true}]}}