{"id":307180,"date":"2021-11-10T12:05:06","date_gmt":"2021-11-10T16:05:06","guid":{"rendered":"http:\/\/diariodominicano.com\/?p=307180"},"modified":"2021-11-10T12:05:06","modified_gmt":"2021-11-10T16:05:06","slug":"policia-informa-desmantela-dos-bandas-de-antisociales-en-sde-ocupa-cinco-armas-de-fuego-que-portaban-de-manera-ilegal-dos-motocicletas-y-un-carro","status":"publish","type":"post","link":"https:\/\/diariodominicano.com\/?p=307180","title":{"rendered":"Polic\u00eda informa desmantela dos bandas de antisociales en SDE; ocupa cinco armas de fuego que portaban de manera ilegal, dos motocicletas y un carro"},"content":{"rendered":"\n<p><strong>Santo Domingo Este, RD, 10 de noviembre de 2021.-<\/strong> La Polic\u00eda Nacional, en operativos efectuados anoche en el sector Villa Liberaci\u00f3n, de Santo Domingo Este, apres\u00f3 a seis individuos, integrantes de dos peligrosas bandas dedicadas a cometer asaltos y despojos, a quienes les fueron ocupadas cinco armas de fuego que portaban de manera ilegal (cuatro pistolas y un rev\u00f3lver), as\u00ed como tambi\u00e9n dos motocicletas y un carro.<\/p>\n\n\n\n<p>En un comunicado de prensa la PN report\u00f3 que en  un primer operativo, miembros de la Polic\u00eda Preventiva y de la Unidad Especial Topo, de la Direcci\u00f3n Regional Santo Domingo Oriental, penetraron al callej\u00f3n Los Evang\u00e9licos, del sector Villa Liberaci\u00f3n, donde apresaron a tres individuos que, de acuerdo con informaciones de inteligencia recibidas por la instituci\u00f3n, integraban una peligrosa banda de malhechores dedicada a cometer asaltos y despojos, manteniendo la zona en \u201czozobra\u201d.<\/p>\n\n\n\n<p><strong>Los detenidos son\u00a0Endy Omar Erazo Cuevas, de 29 a\u00f1os, a quien se le ocup\u00f3 una pistola marca Taurus, calibre 9 mil\u00edmetros;\u00a0Jos\u00e9 Rafael Calder\u00f3n Acevedo, de 34, quien portaba una pistola Browning, del mismo calibre, y\u00a0Joan Manuel del Valle Garc\u00eda, 33. Todos residentes en el ensanche Isabelita, de Villa Duarte, quienes andaban en dos motocicletas.<\/strong><\/p>\n\n\n\n<p>En medio del operativo, la Polic\u00eda recibi\u00f3 la informaci\u00f3n de que tres individuos, de perfiles sospechosos y armados, se encontraban en el mismo sector de Villa Liberaci\u00f3n.<\/p>\n\n\n\n<p>De inmediato, los agentes policiales cercaron el per\u00edmetro y tras un breve recorrido, en la calle 6, del citado sector, detectaron y arrestaron a otros tres individuos, a bordo de un carro marca Toyota Corolla, color verde, placa A441379, que intentaron evadir la operaci\u00f3n policial.<\/p>\n\n\n\n<p><strong>Los detenidos fueron identificados como\u00a0Vladimir Manzanillo (a) Breyli, de 30 a\u00f1os, a quien se le ocup\u00f3 una pistola marca Glock, calibre 9 mil\u00edmetros;\u00a0Franklin Evangelista (a) W\u00e1ter, 28, que portaba una pistola TXG01131, y\u00a0Rodelis Salas (a) Ronny El Flaco, 28, que ten\u00eda cargaba un rev\u00f3lver marca Smith &amp; Wesson, con cuatro c\u00e1psulas disparadas.<\/strong><\/p>\n\n\n\n<p>La Polic\u00eda inform\u00f3 que todas las armas eran portadas ilegalmente y que se investiga su procedencia.<\/p>\n\n\n\n<p>Sobre Vladimir Manzanillo (a) Breyli y Rodelis Salas (a) Ronny El Flaco, la Polic\u00eda inform\u00f3 que estaban siendo requeridos por el Departamento de Investigaciones de Homicidios, para ser investigados sobre varios hechos; tras ser apresados, fueron puestos bajo control del Ministerio P\u00fablico.<\/p>\n\n\n\n<p>Prensa Policia Nacional<a target=\"_blank\" href=\"mailto:prensadigitalpn@gmail.com\" rel=\"noreferrer noopener\">prensadigitalpn@gmail.com<\/a><\/p>\n","protected":false},"excerpt":{"rendered":"<p>Santo Domingo Este, RD, 10 de noviembre de 2021.- La Polic\u00eda Nacional, en operativos efectuados anoche en el sector Villa Liberaci\u00f3n, de Santo Domingo Este, apres\u00f3 a seis individuos, integrantes de dos peligrosas bandas dedicadas a cometer asaltos y despojos, a quienes les fueron ocupadas cinco armas de fuego que portaban de manera ilegal (cuatro [&hellip;]<\/p>\n","protected":false},"author":2,"featured_media":307184,"comment_status":"closed","ping_status":"","sticky":true,"template":"","format":"standard","meta":{"footnotes":""},"categories":[24,27],"tags":[],"class_list":["post-307180","post","type-post","status-publish","format-standard","has-post-thumbnail","hentry","category-justicia-y-derecho","category-portada"],"_links":{"self":[{"href":"https:\/\/diariodominicano.com\/index.php?rest_route=\/wp\/v2\/posts\/307180","targetHints":{"allow":["GET"]}}],"collection":[{"href":"https:\/\/diariodominicano.com\/index.php?rest_route=\/wp\/v2\/posts"}],"about":[{"href":"https:\/\/diariodominicano.com\/index.php?rest_route=\/wp\/v2\/types\/post"}],"author":[{"embeddable":true,"href":"https:\/\/diariodominicano.com\/index.php?rest_route=\/wp\/v2\/users\/2"}],"replies":[{"embeddable":true,"href":"https:\/\/diariodominicano.com\/index.php?rest_route=%2Fwp%2Fv2%2Fcomments&post=307180"}],"version-history":[{"count":1,"href":"https:\/\/diariodominicano.com\/index.php?rest_route=\/wp\/v2\/posts\/307180\/revisions"}],"predecessor-version":[{"id":307185,"href":"https:\/\/diariodominicano.com\/index.php?rest_route=\/wp\/v2\/posts\/307180\/revisions\/307185"}],"wp:featuredmedia":[{"embeddable":true,"href":"https:\/\/diariodominicano.com\/index.php?rest_route=\/wp\/v2\/media\/307184"}],"wp:attachment":[{"href":"https:\/\/diariodominicano.com\/index.php?rest_route=%2Fwp%2Fv2%2Fmedia&parent=307180"}],"wp:term":[{"taxonomy":"category","embeddable":true,"href":"https:\/\/diariodominicano.com\/index.php?rest_route=%2Fwp%2Fv2%2Fcategories&post=307180"},{"taxonomy":"post_tag","embeddable":true,"href":"https:\/\/diariodominicano.com\/index.php?rest_route=%2Fwp%2Fv2%2Ftags&post=307180"}],"curies":[{"name":"wp","href":"https:\/\/api.w.org\/{rel}","templated":true}]}}