{"id":307179,"date":"2021-11-10T11:59:31","date_gmt":"2021-11-10T15:59:31","guid":{"rendered":"http:\/\/diariodominicano.com\/?p=307179"},"modified":"2021-11-10T11:59:31","modified_gmt":"2021-11-10T15:59:31","slug":"miguel-vargas-y-excancilleres-de-la-region-piden-oea-convoque-asamblea-extraordinaria-ante-fraude-en-nicaragua","status":"publish","type":"post","link":"https:\/\/diariodominicano.com\/?p=307179","title":{"rendered":"Miguel Vargas y excancilleres de la regi\u00f3n piden OEA convoque Asamblea Extraordinaria ante fraude en Nicaragua"},"content":{"rendered":"\n<p>diariodominicano.com<\/p>\n\n\n\n<p><em>Exministros de Relaciones Exteriores preocupados porque votaci\u00f3n se realiz\u00f3 sin observaci\u00f3n internacional independiente ni oposici\u00f3n.<\/em><\/p>\n\n\n\n<p>Santo Domingo, R. D.,  10 de noviembre, 2021.- El excanciller dominicano, Miguel Vargas, y un grupo de exministros de Relaciones Exteriores de la regi\u00f3n latinoamericana hicieron un llamado para que, en el marco de la 51 Asamblea General de la Organizaci\u00f3n de los Estados Americanos (OEA), que se realiza en l\u00ednea desde este mi\u00e9rcoles, los cancilleres y jefes de delegaci\u00f3n de ese organismo convoquen a una Asamblea General Extraordinaria ante los comicios fraudulentos celebrados este domingo en Nicaragua.<\/p>\n\n\n\n<p>Mediante una carta conjunta, 40 excancilleres expresaron su consternaci\u00f3n y resaltaron que dichas votaciones no reunieron las condiciones m\u00ednimas que demandan los estados democr\u00e1ticos y que consagran la Constituci\u00f3n de Nicaragua, la Carta Democr\u00e1tica Interamericana (CDI) y la Convenci\u00f3n Americana sobre Derechos Humanos, ya que, a su juicio, han sido ignorados.<\/p>\n\n\n\n<p>Insistieron en que los comicios fueron ejecutados en forma irregular y dieron como resultado \u201cuna parodia de elecci\u00f3n\u201d, cuyos resultados se conoc\u00edan por adelantado.<\/p>\n\n\n\n<p>\u201cEste proceso electoral fraudulento empez\u00f3 cuando Daniel Ortega logr\u00f3 una reelecci\u00f3n en noviembre de 2011 en violaci\u00f3n de la Constituci\u00f3n, forzando a la Corte Suprema y al Tribunal Electoral a alegar el inexistente derecho a una reelecci\u00f3n indefinida como \u2018derecho humano\u2019 de Daniel Ortega. La Corte Interamericana de Derechos Humanos ha rechazado esa interpretaci\u00f3n. En una reciente Opini\u00f3n Consultiva ha determinado que \u2018la reelecci\u00f3n indefinida es contraria a la Convenci\u00f3n y Declaraci\u00f3n Americana\u2019\u201d, enfatizaron los exministros.<\/p>\n\n\n\n<p>Asimismo, alertaron sobre el arresto arbitrario de 39 opositores al gobierno, incluidos siete candidatos a la presidencia, as\u00ed como la detenci\u00f3n de opositores, periodistas y empresarios, la eliminaci\u00f3n de partidos rivales y criminalizaci\u00f3n de la disidencia en un proceso que empez\u00f3 meses atr\u00e1s y que culmin\u00f3 con unos sufragios carentes de observaci\u00f3n electoral internacional independiente.<\/p>\n\n\n\n<p>Sobre su llamado a la OEA, explicaron que en la propuesta Asamblea General Extraordinaria se deber\u00edan decidir acciones enmarcadas en los compromisos de la Carta Democr\u00e1tica. Entre \u00e9stas citaron: desconocer y condenar el referido proceso electoral; &nbsp;exigir al gobierno de Nicaragua la liberaci\u00f3n inmediata de los 150 presos pol\u00edticos y el respeto a sus derechos; reclamar la plena vigencia de los derechos humanos, el cese de la represi\u00f3n y las detenciones arbitrarias, el respeto al Estado de derecho y una salida pac\u00edfica a la crisis a trav\u00e9s de la negociaci\u00f3n con todos los actores pol\u00edticos de ese pa\u00eds centroamericano.<\/p>\n\n\n\n<p>Agregaron solicitar a la Comisi\u00f3n Interamericana de Derechos Humanos (CIDH) que siga monitoreando la situaci\u00f3n sobre esta materia en Nicaragua; suspender dicho Estado de su derecho de participaci\u00f3n en la OEA si su gobierno no acepta realizar nuevas elecciones libres, transparentes, justas y la liberaci\u00f3n de todos los presos pol\u00edticos, entre otras.<\/p>\n\n\n\n<p>Fuente: <strong>PRENSA PRD<\/strong><\/p>\n","protected":false},"excerpt":{"rendered":"<p>diariodominicano.com Exministros de Relaciones Exteriores preocupados porque votaci\u00f3n se realiz\u00f3 sin observaci\u00f3n internacional independiente ni oposici\u00f3n. Santo Domingo, R. D., 10 de noviembre, 2021.- El excanciller dominicano, Miguel Vargas, y un grupo de exministros de Relaciones Exteriores de la regi\u00f3n latinoamericana hicieron un llamado para que, en el marco de la 51 Asamblea General de [&hellip;]<\/p>\n","protected":false},"author":5,"featured_media":307181,"comment_status":"closed","ping_status":"","sticky":true,"template":"","format":"standard","meta":{"footnotes":""},"categories":[22,27],"tags":[],"class_list":["post-307179","post","type-post","status-publish","format-standard","has-post-thumbnail","hentry","category-politica","category-portada"],"_links":{"self":[{"href":"https:\/\/diariodominicano.com\/index.php?rest_route=\/wp\/v2\/posts\/307179","targetHints":{"allow":["GET"]}}],"collection":[{"href":"https:\/\/diariodominicano.com\/index.php?rest_route=\/wp\/v2\/posts"}],"about":[{"href":"https:\/\/diariodominicano.com\/index.php?rest_route=\/wp\/v2\/types\/post"}],"author":[{"embeddable":true,"href":"https:\/\/diariodominicano.com\/index.php?rest_route=\/wp\/v2\/users\/5"}],"replies":[{"embeddable":true,"href":"https:\/\/diariodominicano.com\/index.php?rest_route=%2Fwp%2Fv2%2Fcomments&post=307179"}],"version-history":[{"count":1,"href":"https:\/\/diariodominicano.com\/index.php?rest_route=\/wp\/v2\/posts\/307179\/revisions"}],"predecessor-version":[{"id":307182,"href":"https:\/\/diariodominicano.com\/index.php?rest_route=\/wp\/v2\/posts\/307179\/revisions\/307182"}],"wp:featuredmedia":[{"embeddable":true,"href":"https:\/\/diariodominicano.com\/index.php?rest_route=\/wp\/v2\/media\/307181"}],"wp:attachment":[{"href":"https:\/\/diariodominicano.com\/index.php?rest_route=%2Fwp%2Fv2%2Fmedia&parent=307179"}],"wp:term":[{"taxonomy":"category","embeddable":true,"href":"https:\/\/diariodominicano.com\/index.php?rest_route=%2Fwp%2Fv2%2Fcategories&post=307179"},{"taxonomy":"post_tag","embeddable":true,"href":"https:\/\/diariodominicano.com\/index.php?rest_route=%2Fwp%2Fv2%2Ftags&post=307179"}],"curies":[{"name":"wp","href":"https:\/\/api.w.org\/{rel}","templated":true}]}}