{"id":307176,"date":"2021-11-10T11:51:47","date_gmt":"2021-11-10T15:51:47","guid":{"rendered":"http:\/\/diariodominicano.com\/?p=307176"},"modified":"2021-11-10T11:51:47","modified_gmt":"2021-11-10T15:51:47","slug":"putin-y-merkel-discuten-por-telefono-crisis-de-migrantes-entre-ue-y-bielorrusia","status":"publish","type":"post","link":"https:\/\/diariodominicano.com\/?p=307176","title":{"rendered":"Putin y Merkel discuten por tel\u00e9fono crisis de migrantes entre UE y Bielorrusia"},"content":{"rendered":"\n<p>diariodominicano.com<a rel=\"noreferrer noopener\" href=\"https:\/\/www.xinhua-news.com\/gdsdetailxhs\/share\/10590644-?pageflag=iframe\" target=\"_blank\"><\/a><\/p>\n\n\n\n<pre id=\"text-news-description\" class=\"wp-block-preformatted\">   MOSC\u00da, 10 nov (Xinhua) -- El presidente ruso, Vladimir Putin, habl\u00f3 hoy mi\u00e9rcoles por tel\u00e9fono con la canciller saliente de Alemania, Angela Merkel, sobre la crisis de migrantes que tiene lugar en la frontera entre la Uni\u00f3n Europea (UE) y Bielorrusia.\n   Los dos l\u00edderes discutieron extensamente la crisis de refugiados en la frontera bielorrusa con pa\u00edses de la UE y expresaron preocupaci\u00f3n por sus consecuencias humanitarias, dijo el Kremlin.\n   Putin propuso entablar un di\u00e1logo entre representantes de los pa\u00edses miembros de la UE y Minsk para abordar los problemas actuales.\n   Putin y Merkel acordaron seguir discutiendo este tema, agreg\u00f3. <\/pre>\n","protected":false},"excerpt":{"rendered":"<p>diariodominicano.com MOSC\u00da, 10 nov (Xinhua) &#8212; El presidente ruso, Vladimir Putin, habl\u00f3 hoy mi\u00e9rcoles por tel\u00e9fono con la canciller saliente de Alemania, Angela Merkel, sobre la crisis de migrantes que tiene lugar en la frontera entre la Uni\u00f3n Europea (UE) y Bielorrusia. Los dos l\u00edderes discutieron extensamente la crisis de refugiados en la frontera bielorrusa [&hellip;]<\/p>\n","protected":false},"author":5,"featured_media":307177,"comment_status":"closed","ping_status":"","sticky":true,"template":"","format":"standard","meta":{"footnotes":""},"categories":[23,27],"tags":[],"class_list":["post-307176","post","type-post","status-publish","format-standard","has-post-thumbnail","hentry","category-internacional","category-portada"],"_links":{"self":[{"href":"https:\/\/diariodominicano.com\/index.php?rest_route=\/wp\/v2\/posts\/307176","targetHints":{"allow":["GET"]}}],"collection":[{"href":"https:\/\/diariodominicano.com\/index.php?rest_route=\/wp\/v2\/posts"}],"about":[{"href":"https:\/\/diariodominicano.com\/index.php?rest_route=\/wp\/v2\/types\/post"}],"author":[{"embeddable":true,"href":"https:\/\/diariodominicano.com\/index.php?rest_route=\/wp\/v2\/users\/5"}],"replies":[{"embeddable":true,"href":"https:\/\/diariodominicano.com\/index.php?rest_route=%2Fwp%2Fv2%2Fcomments&post=307176"}],"version-history":[{"count":1,"href":"https:\/\/diariodominicano.com\/index.php?rest_route=\/wp\/v2\/posts\/307176\/revisions"}],"predecessor-version":[{"id":307178,"href":"https:\/\/diariodominicano.com\/index.php?rest_route=\/wp\/v2\/posts\/307176\/revisions\/307178"}],"wp:featuredmedia":[{"embeddable":true,"href":"https:\/\/diariodominicano.com\/index.php?rest_route=\/wp\/v2\/media\/307177"}],"wp:attachment":[{"href":"https:\/\/diariodominicano.com\/index.php?rest_route=%2Fwp%2Fv2%2Fmedia&parent=307176"}],"wp:term":[{"taxonomy":"category","embeddable":true,"href":"https:\/\/diariodominicano.com\/index.php?rest_route=%2Fwp%2Fv2%2Fcategories&post=307176"},{"taxonomy":"post_tag","embeddable":true,"href":"https:\/\/diariodominicano.com\/index.php?rest_route=%2Fwp%2Fv2%2Ftags&post=307176"}],"curies":[{"name":"wp","href":"https:\/\/api.w.org\/{rel}","templated":true}]}}