{"id":307162,"date":"2021-11-10T11:18:22","date_gmt":"2021-11-10T15:18:22","guid":{"rendered":"http:\/\/diariodominicano.com\/?p=307162"},"modified":"2021-11-10T11:18:22","modified_gmt":"2021-11-10T15:18:22","slug":"embajador-de-espana-en-rd-destaca-trabajo-conjunto-con-la-policia-nacional-contra-la-trata-y-trafico-de-personas","status":"publish","type":"post","link":"https:\/\/diariodominicano.com\/?p=307162","title":{"rendered":"Embajador de Espa\u00f1a en RD destaca trabajo conjunto con la Polic\u00eda Nacional contra la trata y tr\u00e1fico de personas"},"content":{"rendered":"\n<p>diariodominicano.com<\/p>\n\n\n\n<p><strong>Resalta compromiso de su pa\u00eds con transformaci\u00f3n y profesionalizaci\u00f3n de la instituci\u00f3n.<\/strong><\/p>\n\n\n\n<p>Santo Domingo, R. D.,  10 de noviembre, 2021.-  El embajador de Espa\u00f1a en Rep\u00fablica Dominicana, Antonio P\u00e9rez-Hern\u00e1ndez Torra, resalt\u00f3 el compromiso de su pa\u00eds en el proceso de transformaci\u00f3n y profesionalizaci\u00f3n de la Polic\u00eda Nacional, dispuesto por el presidente de la Rep\u00fablica Luis Abinader.<\/p>\n\n\n\n<p>Su excelencia P\u00e9rez-Hern\u00e1ndez Torra extern\u00f3 tal consideraci\u00f3n al encabezar junto al mayor general Eduardo Alberto Then, director general de la Polic\u00eda Nacional, la inauguraci\u00f3n del curso \u201cPautas de Investigaci\u00f3n en el Tr\u00e1fico y Trata de Personas; Especial Incidencia en el An\u00e1lisis Documental\u201d, celebrado en el Club Para Oficiales de la instituci\u00f3n del orden.<\/p>\n\n\n\n<p>Al inicio del curso tambi\u00e9n asisti\u00f3 la coronel Carmen Maritza P\u00e9rez, designada recientemente como nueva encargada del Departamento de Trata y Tr\u00e1fico de Personas del cuerpo del orden.<\/p>\n\n\n\n<p>\u201cEl foro de formaci\u00f3n que hoy se inaugura servir\u00e1, sin lugar a dudas, para el intercambio de experiencias entre Rep\u00fablica Dominicana y Espa\u00f1a, adem\u00e1s de fortalecer los lazos de uni\u00f3n entre los gobiernos y las fuerzas de seguridad de nuestros pa\u00edses\u201d, dijo el diplom\u00e1tico.<\/p>\n\n\n\n<p>Sostuvo que la cooperaci\u00f3n internacional es crucial para el \u00e9xito de esta lucha y dijo que el curso inaugurado es un ejemplo de sus aseveraciones.<\/p>\n\n\n\n<p>\u201cLa colaboraci\u00f3n entre Espa\u00f1a y la Rep\u00fablica Dominicana se ha venido desarrollando durante muchos a\u00f1os y realmente goza de una gran variedad de actividades\u201d dijo.<\/p>\n\n\n\n<p><strong>Valoraci\u00f3n institucional<\/strong><\/p>\n\n\n\n<p>Al pronunciar las palabras centrales, el mayor general Alberto Then agradeci\u00f3 a la embajada espa\u00f1ola, representada en el pa\u00eds por Antonio P\u00e9rez-Hern\u00e1ndez y Torra; al jefe de investigaciones de la ONG Misi\u00f3n Internacional y Justicia, R.D. Pehkx Jones y al Agregado del Ministerio de Interior, Joaqu\u00edn Mariano P\u00e9rez Pe\u00f1a, entre otras personalidades que estuvieron presentes en la apertura de la citada capacitaci\u00f3n.<\/p>\n\n\n\n<div class=\"wp-block-image\"><figure class=\"alignleft size-large is-resized\"><img loading=\"lazy\" decoding=\"async\" src=\"https:\/\/diariodominicano.com\/wp-content\/uploads\/2021\/11\/SeminarioPN-EmbajdaEspana10-11-21-1024x682.jpg\" alt=\"\" class=\"wp-image-307164\" width=\"380\" height=\"252\" srcset=\"https:\/\/diariodominicano.com\/wp-content\/uploads\/2021\/11\/SeminarioPN-EmbajdaEspana10-11-21-1024x682.jpg 1024w, https:\/\/diariodominicano.com\/wp-content\/uploads\/2021\/11\/SeminarioPN-EmbajdaEspana10-11-21-300x200.jpg 300w, https:\/\/diariodominicano.com\/wp-content\/uploads\/2021\/11\/SeminarioPN-EmbajdaEspana10-11-21-768x512.jpg 768w, https:\/\/diariodominicano.com\/wp-content\/uploads\/2021\/11\/SeminarioPN-EmbajdaEspana10-11-21-816x544.jpg 816w, https:\/\/diariodominicano.com\/wp-content\/uploads\/2021\/11\/SeminarioPN-EmbajdaEspana10-11-21.jpg 1280w\" sizes=\"auto, (max-width: 380px) 100vw, 380px\" \/><\/figure><\/div>\n\n\n\n<p>Durante su intervenci\u00f3n, el alto oficial explic\u00f3 que \u00abla Trata de Personas es uno de los cr\u00edmenes m\u00e1s desastrosos que se pueden cometer con personas inocentes que muchas veces son enga\u00f1adas vilmente por criminales desaprensivos, a quienes nosotros debemos cerrar el paso\u00bb.<\/p>\n\n\n\n<p>Dijo esperar que los estudiantes sirvan de multiplicadores y apliquen de la mejor manera posible todos los conocimientos que obtendr\u00e1n durante el curso. En tal sentido, design\u00f3 a la coronel P\u00e9rez como encargada del Departamento de Trata y Tr\u00e1fico de Personas del cuerpo del orden y de quien tambi\u00e9n espera recibir resultados positivos durante el ejercicio de sus nuevas funciones.<\/p>\n\n\n\n<p>\u00a0\u201cQuien no es servidor p\u00fablico a carta cabal, por vocaci\u00f3n, debe abandonar lo que ha emprendido, porque no es la carrera que cada uno de nosotros vemos. Todo el que se ha equivocado en esta profesi\u00f3n y apoya el mal es mejor que decida renunciar de ella\u201d, puntualiz\u00f3 el director general policial.<\/p>\n\n\n\n<figure class=\"wp-block-table alignleft\"><table><tbody><tr><td>Fuente:  <strong>Prensa Polic\u00eda Nacional<\/strong><\/td><\/tr><\/tbody><\/table><figcaption>Departamento de Prensa<br>Direcci\u00f3n\u00a0de Comunicaciones\u00a0Estrat\u00e9gicas<br>Polic\u00eda Nacional Rep\u00fablica Dominicana<\/figcaption><\/figure>\n","protected":false},"excerpt":{"rendered":"<p>diariodominicano.com Resalta compromiso de su pa\u00eds con transformaci\u00f3n y profesionalizaci\u00f3n de la instituci\u00f3n. Santo Domingo, R. D., 10 de noviembre, 2021.- El embajador de Espa\u00f1a en Rep\u00fablica Dominicana, Antonio P\u00e9rez-Hern\u00e1ndez Torra, resalt\u00f3 el compromiso de su pa\u00eds en el proceso de transformaci\u00f3n y profesionalizaci\u00f3n de la Polic\u00eda Nacional, dispuesto por el presidente de la Rep\u00fablica [&hellip;]<\/p>\n","protected":false},"author":5,"featured_media":307163,"comment_status":"closed","ping_status":"","sticky":true,"template":"","format":"standard","meta":{"footnotes":""},"categories":[24,27],"tags":[],"class_list":["post-307162","post","type-post","status-publish","format-standard","has-post-thumbnail","hentry","category-justicia-y-derecho","category-portada"],"_links":{"self":[{"href":"https:\/\/diariodominicano.com\/index.php?rest_route=\/wp\/v2\/posts\/307162","targetHints":{"allow":["GET"]}}],"collection":[{"href":"https:\/\/diariodominicano.com\/index.php?rest_route=\/wp\/v2\/posts"}],"about":[{"href":"https:\/\/diariodominicano.com\/index.php?rest_route=\/wp\/v2\/types\/post"}],"author":[{"embeddable":true,"href":"https:\/\/diariodominicano.com\/index.php?rest_route=\/wp\/v2\/users\/5"}],"replies":[{"embeddable":true,"href":"https:\/\/diariodominicano.com\/index.php?rest_route=%2Fwp%2Fv2%2Fcomments&post=307162"}],"version-history":[{"count":1,"href":"https:\/\/diariodominicano.com\/index.php?rest_route=\/wp\/v2\/posts\/307162\/revisions"}],"predecessor-version":[{"id":307165,"href":"https:\/\/diariodominicano.com\/index.php?rest_route=\/wp\/v2\/posts\/307162\/revisions\/307165"}],"wp:featuredmedia":[{"embeddable":true,"href":"https:\/\/diariodominicano.com\/index.php?rest_route=\/wp\/v2\/media\/307163"}],"wp:attachment":[{"href":"https:\/\/diariodominicano.com\/index.php?rest_route=%2Fwp%2Fv2%2Fmedia&parent=307162"}],"wp:term":[{"taxonomy":"category","embeddable":true,"href":"https:\/\/diariodominicano.com\/index.php?rest_route=%2Fwp%2Fv2%2Fcategories&post=307162"},{"taxonomy":"post_tag","embeddable":true,"href":"https:\/\/diariodominicano.com\/index.php?rest_route=%2Fwp%2Fv2%2Ftags&post=307162"}],"curies":[{"name":"wp","href":"https:\/\/api.w.org\/{rel}","templated":true}]}}