{"id":307133,"date":"2021-11-10T02:22:18","date_gmt":"2021-11-10T06:22:18","guid":{"rendered":"http:\/\/diariodominicano.com\/?p=307133"},"modified":"2021-11-10T02:22:18","modified_gmt":"2021-11-10T06:22:18","slug":"en-ny-prohibiran-concesionarios-vender-vehiculos-usados-sin-bolsas-de-aire","status":"publish","type":"post","link":"https:\/\/diariodominicano.com\/?p=307133","title":{"rendered":"En NY prohibir\u00e1n concesionarios vender veh\u00edculos usados sin bolsas de aire"},"content":{"rendered":"\n<p><strong>Por Ram\u00f3n Mercedes<\/strong><\/p>\n\n\n\n<p><strong>NUEVA YORK.-<\/strong>&nbsp;Una nueva ley prohibir\u00e1 a los concesionarios en este estado vender veh\u00edculos usados sin bolsas de aire que funcionen.<\/p>\n\n\n\n<p>La gobernadora, Kathy Hochul, anunci\u00f3 este domingo que firm\u00f3 el proyecto de ley, aprobado en junio pasado.<\/p>\n\n\n\n<p>Cientos de veh\u00edculos son llevados desde este estado a la Rep\u00fablica Dominicana por decenas de concesionarios dominicanos.<\/p>\n\n\n\n<p>La ley entrar\u00e1 en vigencia en los pr\u00f3ximos 90 d\u00edas y requerir\u00e1 que los concesionarios entreguen a los compradores documentaci\u00f3n que demuestre que el veh\u00edculo tiene una bolsa de aire y una luz indicadora de disponibilidad que muestra que est\u00e1 funcionando.<\/p>\n\n\n\n<p>Antes de firmarse la ley no exist\u00eda ning\u00fan requisito de que un veh\u00edculo usado vendido por un distribuidor ten\u00eda que tener una bolsa de aire que funcionara. Al exigir ahora que todos los veh\u00edculos usados contengan una bolsa de aire que funcione, los compradores de autom\u00f3viles tendr\u00e1n la seguridad de que su veh\u00edculo es seguro para conducir.<\/p>\n","protected":false},"excerpt":{"rendered":"<p>Por Ram\u00f3n Mercedes NUEVA YORK.-&nbsp;Una nueva ley prohibir\u00e1 a los concesionarios en este estado vender veh\u00edculos usados sin bolsas de aire que funcionen. La gobernadora, Kathy Hochul, anunci\u00f3 este domingo que firm\u00f3 el proyecto de ley, aprobado en junio pasado. Cientos de veh\u00edculos son llevados desde este estado a la Rep\u00fablica Dominicana por decenas de [&hellip;]<\/p>\n","protected":false},"author":7,"featured_media":307134,"comment_status":"closed","ping_status":"","sticky":true,"template":"","format":"standard","meta":{"footnotes":""},"categories":[23,27],"tags":[],"class_list":["post-307133","post","type-post","status-publish","format-standard","has-post-thumbnail","hentry","category-internacional","category-portada"],"_links":{"self":[{"href":"https:\/\/diariodominicano.com\/index.php?rest_route=\/wp\/v2\/posts\/307133","targetHints":{"allow":["GET"]}}],"collection":[{"href":"https:\/\/diariodominicano.com\/index.php?rest_route=\/wp\/v2\/posts"}],"about":[{"href":"https:\/\/diariodominicano.com\/index.php?rest_route=\/wp\/v2\/types\/post"}],"author":[{"embeddable":true,"href":"https:\/\/diariodominicano.com\/index.php?rest_route=\/wp\/v2\/users\/7"}],"replies":[{"embeddable":true,"href":"https:\/\/diariodominicano.com\/index.php?rest_route=%2Fwp%2Fv2%2Fcomments&post=307133"}],"version-history":[{"count":1,"href":"https:\/\/diariodominicano.com\/index.php?rest_route=\/wp\/v2\/posts\/307133\/revisions"}],"predecessor-version":[{"id":307139,"href":"https:\/\/diariodominicano.com\/index.php?rest_route=\/wp\/v2\/posts\/307133\/revisions\/307139"}],"wp:featuredmedia":[{"embeddable":true,"href":"https:\/\/diariodominicano.com\/index.php?rest_route=\/wp\/v2\/media\/307134"}],"wp:attachment":[{"href":"https:\/\/diariodominicano.com\/index.php?rest_route=%2Fwp%2Fv2%2Fmedia&parent=307133"}],"wp:term":[{"taxonomy":"category","embeddable":true,"href":"https:\/\/diariodominicano.com\/index.php?rest_route=%2Fwp%2Fv2%2Fcategories&post=307133"},{"taxonomy":"post_tag","embeddable":true,"href":"https:\/\/diariodominicano.com\/index.php?rest_route=%2Fwp%2Fv2%2Ftags&post=307133"}],"curies":[{"name":"wp","href":"https:\/\/api.w.org\/{rel}","templated":true}]}}