{"id":307103,"date":"2021-11-09T21:51:50","date_gmt":"2021-11-10T01:51:50","guid":{"rendered":"http:\/\/diariodominicano.com\/?p=307103"},"modified":"2021-11-09T23:13:04","modified_gmt":"2021-11-10T03:13:04","slug":"todo-listo-para-presentacion-y-juramentacion-del-comite-organizador-xl-copa-independencia-boxeo-internacional","status":"publish","type":"post","link":"https:\/\/diariodominicano.com\/?p=307103","title":{"rendered":"Todo listo para presentaci\u00f3n y juramentaci\u00f3n del Comit\u00e9 Organizador XL Copa Independencia Boxeo Internacional"},"content":{"rendered":"\n<p> <strong>Desde la izquierda, ingeniero Andr\u00e9s Cueto; licenciada Rosa Santos; dirigente deportivo, Ariel Acosta e ingeniero Andr\u00e9s Burgos<\/strong> <\/p>\n\n\n\n<p>Oscar Polanco <\/p>\n\n\n\n<p><strong>SANTIAGO DE LOS CABALLEROS, Rep\u00fablica Dominicana, 9 noviembre de 2021.-<\/strong>&nbsp;Todo est\u00e1 listo para la presentaci\u00f3n y juramentaci\u00f3n del Comit\u00e9 Organizador de la XL Copa Independencia de Boxeo Internacional, este mi\u00e9rcoles 10 de noviembre a las 12 del mediod\u00eda, en el sal\u00f3n Juan Pablo Duarte, del palacio de la Gobernaci\u00f3n Provincial de Santiago.<\/p>\n\n\n\n<p><strong>A<\/strong>s\u00ed lo inform\u00f3 el se\u00f1or Ariel Acosta, quien ofreci\u00f3 la informaci\u00f3n, dijo que el programa de la actividad es \u00e1gil y que todo est\u00e1 listo para la misma en la que ser\u00e1 presentado y juramentado ese comit\u00e9 y los directores de las diversas \u00e1reas de trabajo.<\/p>\n\n\n\n<p><strong>E<\/strong>ntre los personajes a juramentar se encuentran el presidente del comit\u00e9, ingeniero Andr\u00e9s Cueto, gerente general de EDENORTE; el vicepresidente, ingeniero Andr\u00e9s Burgos, director general de CORAASAN y la directora general, licenciada Rosa Santos, gobernadora provincial de Santiago, entre otros.&nbsp;&nbsp;<\/p>\n\n\n\n<p><strong>E<\/strong>l se\u00f1or Acosta adelant\u00f3 que ser\u00e1 entregado el reconocimiento a la Excelencia, a un personaje de nuestra sociedad, adem\u00e1s record\u00f3 que las invitaciones han sido enviadas a todos, incluyendo a los componentes del Comit\u00e9 Organizador, miembros de la prensa e invitados especiales<\/p>\n","protected":false},"excerpt":{"rendered":"<p>Desde la izquierda, ingeniero Andr\u00e9s Cueto; licenciada Rosa Santos; dirigente deportivo, Ariel Acosta e ingeniero Andr\u00e9s Burgos Oscar Polanco SANTIAGO DE LOS CABALLEROS, Rep\u00fablica Dominicana, 9 noviembre de 2021.-&nbsp;Todo est\u00e1 listo para la presentaci\u00f3n y juramentaci\u00f3n del Comit\u00e9 Organizador de la XL Copa Independencia de Boxeo Internacional, este mi\u00e9rcoles 10 de noviembre a las 12 [&hellip;]<\/p>\n","protected":false},"author":2,"featured_media":307104,"comment_status":"closed","ping_status":"","sticky":true,"template":"","format":"standard","meta":{"footnotes":""},"categories":[17,27],"tags":[],"class_list":["post-307103","post","type-post","status-publish","format-standard","has-post-thumbnail","hentry","category-deportes","category-portada"],"_links":{"self":[{"href":"https:\/\/diariodominicano.com\/index.php?rest_route=\/wp\/v2\/posts\/307103","targetHints":{"allow":["GET"]}}],"collection":[{"href":"https:\/\/diariodominicano.com\/index.php?rest_route=\/wp\/v2\/posts"}],"about":[{"href":"https:\/\/diariodominicano.com\/index.php?rest_route=\/wp\/v2\/types\/post"}],"author":[{"embeddable":true,"href":"https:\/\/diariodominicano.com\/index.php?rest_route=\/wp\/v2\/users\/2"}],"replies":[{"embeddable":true,"href":"https:\/\/diariodominicano.com\/index.php?rest_route=%2Fwp%2Fv2%2Fcomments&post=307103"}],"version-history":[{"count":3,"href":"https:\/\/diariodominicano.com\/index.php?rest_route=\/wp\/v2\/posts\/307103\/revisions"}],"predecessor-version":[{"id":307124,"href":"https:\/\/diariodominicano.com\/index.php?rest_route=\/wp\/v2\/posts\/307103\/revisions\/307124"}],"wp:featuredmedia":[{"embeddable":true,"href":"https:\/\/diariodominicano.com\/index.php?rest_route=\/wp\/v2\/media\/307104"}],"wp:attachment":[{"href":"https:\/\/diariodominicano.com\/index.php?rest_route=%2Fwp%2Fv2%2Fmedia&parent=307103"}],"wp:term":[{"taxonomy":"category","embeddable":true,"href":"https:\/\/diariodominicano.com\/index.php?rest_route=%2Fwp%2Fv2%2Fcategories&post=307103"},{"taxonomy":"post_tag","embeddable":true,"href":"https:\/\/diariodominicano.com\/index.php?rest_route=%2Fwp%2Fv2%2Ftags&post=307103"}],"curies":[{"name":"wp","href":"https:\/\/api.w.org\/{rel}","templated":true}]}}