{"id":307099,"date":"2021-11-09T21:33:20","date_gmt":"2021-11-10T01:33:20","guid":{"rendered":"http:\/\/diariodominicano.com\/?p=307099"},"modified":"2021-11-10T09:35:24","modified_gmt":"2021-11-10T13:35:24","slug":"consejo-para-el-desarrollo-estrategico-de-santiago-ofrece-respaldo-a-la-construccion-del-cedi-mujer-en-esa-provincia","status":"publish","type":"post","link":"https:\/\/diariodominicano.com\/?p=307099","title":{"rendered":"Consejo para el Desarrollo Estrat\u00e9gico de Santiago ofrece respaldo a la construcci\u00f3n del CEDI-MUJER en esa provincia"},"content":{"rendered":"\n<p><em>Iniciativa del Gabinete de Pol\u00edtica Social conquista apoyo de los distintos sectores de Santiago.<\/em><\/p>\n\n\n\n<p><strong>Santiago. Martes 9 de noviembre de 2021.\u00a0<\/strong>El coordinador del Gabinete de Pol\u00edtica Social, Tony Pe\u00f1a, junto a la directora del Centro de Desarrollo Integral para la Mujer (CEDI-MUJER), Ana Lendor, presentaron el lunes a la junta de directores del Consejo de Desarrollo Estrat\u00e9gico de Santiago (CDES), el proyecto que busca integrar todas las atenciones que pudiera necesitar la poblaci\u00f3n femenina de la provincia Santiago en un solo lugar, para as\u00ed garantizar la ejecuci\u00f3n de servicios de calidad.<\/p>\n\n\n\n<p><\/p>\n\n\n\n<p><strong>El CEDI-MUJER fue presentado en el marco del conocimiento del Plan Estrat\u00e9gico de Santiago 2030, donde el presidente del CDES, Ricardo Fondeur, y sus dem\u00e1s miembros valoraron la iniciativa y se comprometieron a brindar todo el apoyo de los distintos sectores de la provincia para que se logre ejecutar el proyecto para el 2023 como se proyecta desde el Gobierno.<\/strong><\/p>\n\n\n\n<p>Los 77 socios del Consejo para el Desarrollo Estrat\u00e9gico de Santiago acordaron, una vez construido el centro, impulsar un convenio de gesti\u00f3n a favor del proyecto del Gabinete de Pol\u00edtica Social, adem\u00e1s de crear un grupo de trabajo con las organizaciones de la Sociedad Civil de esa provincia con experiencia en el tema de la violencia contra la mujer, asimismo se coordin\u00f3 un equipo de seguimiento a la ejecuci\u00f3n de estas acciones.<\/p>\n\n\n\n<p>Se trata de un centro de atenci\u00f3n integral para la mujer que en el que converger\u00e1n los servicios que buscan incrementar la productividad de las mujeres en la sociedad, la reducci\u00f3n del embarazo en adolescentes, mejorar la salud f\u00edsica y mental de las f\u00e9minas, adem\u00e1s de aumentar los a\u00f1os y calidad de la formaci\u00f3n, as\u00ed como la reducci\u00f3n de los \u00edndices de violencia.<\/p>\n\n\n\n<p>El coordinador del Gabinete Social, Tony Pe\u00f1a dijo que ser\u00e1 construido el primer CEDI-MUJER en Santiago de los Caballeros, el segundo en Santo Domingo Norte y est\u00e1 en proyecto la edificaci\u00f3n de otros centros en otros puntos geogr\u00e1ficos del pa\u00eds.<\/p>\n\n\n\n<p>Adem\u00e1s, adelant\u00f3 que para el CEDI-MUJER en Santiago el dise\u00f1o arquitect\u00f3nico est\u00e1 en su fase final, estar\u00e1 terminado para el pr\u00f3ximo mes de diciembre, el lanzamiento de licitaci\u00f3n ser\u00e1 en enero, el primer picazo en agosto y dentro de un a\u00f1o y meses se espera que est\u00e9 listo y comience a funcionar.<\/p>\n\n\n\n<p>Mientras que la directora de CEDI-MUJER, Ana Lendor enfatiz\u00f3 que, estos dos centros, en los que solo trabajar\u00e1n mujeres, tendr\u00e1n un enfoque diferente que contempla la integraci\u00f3n de todos los servicios, la articulaci\u00f3n de la atenci\u00f3n, equipos multidisciplinarios y la creaci\u00f3n de expedientes \u00fanicos. Adem\u00e1s de espacios infantiles, atenci\u00f3n integral y m\u00f3dulos de educaci\u00f3n colectiva.<\/p>\n\n\n\n<p>Adelant\u00f3 que en la iniciativa participar\u00e1n otras instituciones del Estado, cuyo personal se encontrar\u00e1 permanentemente en el centro, entre las que se encuentran (adem\u00e1s del Gabinete) la Procuradur\u00eda General de la Rep\u00fablica (PGR), el Ministerio de la Mujer (MMujer), el Ministerio de Salud P\u00fablica (MISPAS), el Instituto de Formaci\u00f3n T\u00e9cnico Profesional (INFOTEP), el Programa SUP\u00c9RATE, Puntos Solidarios, el Consejo Nacional de Ni\u00f1os, Ni\u00f1as y Adolescentes (CONANI), el Ministerio de Industria, Comercio y Mipymes (MIC), el Seguro Nacional de Salud (SENASA), el Instituto Nacional de Atenci\u00f3n a la Primera Infancia (INAIPI), entre otras instituciones.En el encuentro participaron adem\u00e1s del coordinador Tony Pe\u00f1a, la directora y las coordinadoras Operativa y Administradora del proyecto Ciudad Mujer, Ana Lendor, Iraissa Ruiz y Deyanira G\u00f3mez respectivamente, el director t\u00e9cnico del Gabinete Social, Van Elder Espinal, el director de la Unidad de Infraestructura, Carlos Ascuasiati y el coordinador del Despacho, Alex Mord\u00e1n.<\/p>\n\n\n\n<p>Julio Vargas<\/p>\n\n\n\n<p><em>Direcci\u00f3n de Comunicaci\u00f3n Interinstitucional<\/em>&nbsp;&nbsp;<\/p>\n\n\n\n<p><strong>Gabinete de Pol\u00edtica&nbsp;Social&nbsp; &nbsp;<\/strong><\/p>\n","protected":false},"excerpt":{"rendered":"<p>Iniciativa del Gabinete de Pol\u00edtica Social conquista apoyo de los distintos sectores de Santiago. Santiago. Martes 9 de noviembre de 2021.\u00a0El coordinador del Gabinete de Pol\u00edtica Social, Tony Pe\u00f1a, junto a la directora del Centro de Desarrollo Integral para la Mujer (CEDI-MUJER), Ana Lendor, presentaron el lunes a la junta de directores del Consejo de [&hellip;]<\/p>\n","protected":false},"author":2,"featured_media":307143,"comment_status":"closed","ping_status":"","sticky":true,"template":"","format":"standard","meta":{"footnotes":""},"categories":[20,27],"tags":[],"class_list":["post-307099","post","type-post","status-publish","format-standard","has-post-thumbnail","hentry","category-dominicana-hoy","category-portada"],"_links":{"self":[{"href":"https:\/\/diariodominicano.com\/index.php?rest_route=\/wp\/v2\/posts\/307099","targetHints":{"allow":["GET"]}}],"collection":[{"href":"https:\/\/diariodominicano.com\/index.php?rest_route=\/wp\/v2\/posts"}],"about":[{"href":"https:\/\/diariodominicano.com\/index.php?rest_route=\/wp\/v2\/types\/post"}],"author":[{"embeddable":true,"href":"https:\/\/diariodominicano.com\/index.php?rest_route=\/wp\/v2\/users\/2"}],"replies":[{"embeddable":true,"href":"https:\/\/diariodominicano.com\/index.php?rest_route=%2Fwp%2Fv2%2Fcomments&post=307099"}],"version-history":[{"count":5,"href":"https:\/\/diariodominicano.com\/index.php?rest_route=\/wp\/v2\/posts\/307099\/revisions"}],"predecessor-version":[{"id":307145,"href":"https:\/\/diariodominicano.com\/index.php?rest_route=\/wp\/v2\/posts\/307099\/revisions\/307145"}],"wp:featuredmedia":[{"embeddable":true,"href":"https:\/\/diariodominicano.com\/index.php?rest_route=\/wp\/v2\/media\/307143"}],"wp:attachment":[{"href":"https:\/\/diariodominicano.com\/index.php?rest_route=%2Fwp%2Fv2%2Fmedia&parent=307099"}],"wp:term":[{"taxonomy":"category","embeddable":true,"href":"https:\/\/diariodominicano.com\/index.php?rest_route=%2Fwp%2Fv2%2Fcategories&post=307099"},{"taxonomy":"post_tag","embeddable":true,"href":"https:\/\/diariodominicano.com\/index.php?rest_route=%2Fwp%2Fv2%2Ftags&post=307099"}],"curies":[{"name":"wp","href":"https:\/\/api.w.org\/{rel}","templated":true}]}}