{"id":307084,"date":"2021-11-09T21:09:05","date_gmt":"2021-11-10T01:09:05","guid":{"rendered":"http:\/\/diariodominicano.com\/?p=307084"},"modified":"2021-11-09T21:09:05","modified_gmt":"2021-11-10T01:09:05","slug":"adr-y-autozama-anuncian-sorteo-de-navidad-2021","status":"publish","type":"post","link":"https:\/\/diariodominicano.com\/?p=307084","title":{"rendered":"ADR y Autozama anuncian sorteo de Navidad 2021"},"content":{"rendered":"\n<p><strong>Santo Domingo.\u00a0<\/strong>La Asociaci\u00f3n Dominicana de Rehabilitaci\u00f3n (ADR), realiz\u00f3 un encuentro junto a Autozama, para dar a conocer los detalles de su tradicional Sorteo de Navidad cuyo premio ser\u00e1 una jeepeta Mercedes-Benz 2022.<\/p>\n\n\n\n<p>Con esta iniciativa, la entidad sin fines de lucro, tiene como objetivo recaudar fondos para el fortalecimiento de los programas que desarrolla la\u00a0 ADR a trav\u00e9s de los servicios que ofrece en\u00a0 Medicina\u00a0 F\u00edsica y de Rehabilitaci\u00f3n, as\u00ed como de\u00a0 Educaci\u00f3n Especial e Inserci\u00f3n Laboral de las personas que viven con alg\u00fan tipo de discapacidad, ya sea f\u00edsica o intelectual.<\/p>\n\n\n\n<p><strong>Durante la actividad, el presidente de la ADR, Celso Marranzini, agradeci\u00f3 la colaboraci\u00f3n y solidaridad de Ram\u00f3n Ernesto Morales, presidente de Autozama, por sumarse a la familia de Rehabilitaci\u00f3n realizando el donativo de un Mercedes-Benz GLA 2022 como \u00fanico premio.<\/strong><\/p>\n\n\n\n<p>\u201cDesde 1974 nuestra empresa, de la mano de mi padre Tom\u00e1s Morales Garrido, hemos apoyado la valiosa labor realizada por la Asociaci\u00f3n Dominicana de Rehabilitaci\u00f3n, encabezada en sus inicios por do\u00f1a Mary P\u00e9rez Marranzini, &nbsp;quien junto a un equipo de excelentes profesionales, a diario llevan esperanza y trabajan en mejorar la calidad de vida de sus pacientes\u201d, dijo Ram\u00f3n Ernesto Morales, presidente de Autozama.<\/p>\n\n\n\n<p>Morales tambi\u00e9n destac\u00f3 que este aporte lo realizan en el marco de la celebraci\u00f3n de los 75 a\u00f1os de Autozama con la intenci\u00f3n de reafirmar su compromiso social y continuar con la relaci\u00f3n de cooperaci\u00f3n entre ambas instituciones.<\/p>\n\n\n\n<p>&nbsp;El evento cont\u00f3 con la presencia de ejecutivos de la empresa Autozama, as\u00ed como de los miembros de la Junta Directiva Nacional, directores y gerentes de la ADR.<\/p>\n\n\n\n<p>Los boletos, que tienen un costo de RD$600.00. Est\u00e1n a la venta en la Sede Central de la ADR y en todos sus centros de atenci\u00f3n a nivel nacional. Tambi\u00e9n estar\u00e1n disponibles en: Helader\u00edas Bon; supermercados Amigo y Gala, Tiendas Malaqu\u00edas, Casa Virginia, Arbaje Soni, farmacias Nepo, Azil, Ivette Rosario y Carmina. Tambi\u00e9n Amerimport, Papeler\u00eda Arroyo Hondo y en el Sal\u00f3n&nbsp; de belleza Paly An.<\/p>\n\n\n\n<p>El ganador se dar\u00e1 a conocer el mi\u00e9rcoles 15 de diciembre en el programa&nbsp; \u201cEsta noche Mariasela\u201d transmitido por Color Visi\u00f3n, canal 9.&nbsp; &nbsp;<\/p>\n\n\n\n<p><strong>Acerca de ADR&nbsp;<\/strong><\/p>\n\n\n\n<p>En toda la trayectoria de 58 a\u00f1os de la Asociaci\u00f3n Dominicana de Rehabilitaci\u00f3n, se registran 19, 158,244 servicios ofrecidos en diferentes modalidades de tratamientos a lo largo de todos estos&nbsp;a\u00f1os. Desde octubre&nbsp;de&nbsp;1963 a septiembre de 2021, en donde se ha logrado atender a 1, 271,308 personas en condiciones de nuevo ingreso.<\/p>\n\n\n\n<p>La ADR qued\u00f3 inaugurada en el a\u00f1o 1963 por Mary P\u00e9rez Marranzini, fundadora y presidenta\u00a0Ad Vitam, con el objetivo de proporcionar el m\u00e1s eficiente servicio de rehabilitaci\u00f3n para la atenci\u00f3n integral a las personas con discapacidad f\u00edsica o intelectual, sin importar su condici\u00f3n socioecon\u00f3mica. Actualmente, es presidida por Celso Marranzini y cuenta con unos 35 centros en todo el pa\u00eds.<\/p>\n\n\n\n<p>Directora Relaciones Publicas<a target=\"_blank\" href=\"mailto:dirrpadr@gmail.com\" rel=\"noreferrer noopener\">dirrpadr@gmail.com<\/a><\/p>\n","protected":false},"excerpt":{"rendered":"<p>Santo Domingo.\u00a0La Asociaci\u00f3n Dominicana de Rehabilitaci\u00f3n (ADR), realiz\u00f3 un encuentro junto a Autozama, para dar a conocer los detalles de su tradicional Sorteo de Navidad cuyo premio ser\u00e1 una jeepeta Mercedes-Benz 2022. Con esta iniciativa, la entidad sin fines de lucro, tiene como objetivo recaudar fondos para el fortalecimiento de los programas que desarrolla la\u00a0 [&hellip;]<\/p>\n","protected":false},"author":2,"featured_media":307086,"comment_status":"closed","ping_status":"","sticky":true,"template":"","format":"standard","meta":{"footnotes":""},"categories":[25,27],"tags":[],"class_list":["post-307084","post","type-post","status-publish","format-standard","has-post-thumbnail","hentry","category-gente","category-portada"],"_links":{"self":[{"href":"https:\/\/diariodominicano.com\/index.php?rest_route=\/wp\/v2\/posts\/307084","targetHints":{"allow":["GET"]}}],"collection":[{"href":"https:\/\/diariodominicano.com\/index.php?rest_route=\/wp\/v2\/posts"}],"about":[{"href":"https:\/\/diariodominicano.com\/index.php?rest_route=\/wp\/v2\/types\/post"}],"author":[{"embeddable":true,"href":"https:\/\/diariodominicano.com\/index.php?rest_route=\/wp\/v2\/users\/2"}],"replies":[{"embeddable":true,"href":"https:\/\/diariodominicano.com\/index.php?rest_route=%2Fwp%2Fv2%2Fcomments&post=307084"}],"version-history":[{"count":1,"href":"https:\/\/diariodominicano.com\/index.php?rest_route=\/wp\/v2\/posts\/307084\/revisions"}],"predecessor-version":[{"id":307087,"href":"https:\/\/diariodominicano.com\/index.php?rest_route=\/wp\/v2\/posts\/307084\/revisions\/307087"}],"wp:featuredmedia":[{"embeddable":true,"href":"https:\/\/diariodominicano.com\/index.php?rest_route=\/wp\/v2\/media\/307086"}],"wp:attachment":[{"href":"https:\/\/diariodominicano.com\/index.php?rest_route=%2Fwp%2Fv2%2Fmedia&parent=307084"}],"wp:term":[{"taxonomy":"category","embeddable":true,"href":"https:\/\/diariodominicano.com\/index.php?rest_route=%2Fwp%2Fv2%2Fcategories&post=307084"},{"taxonomy":"post_tag","embeddable":true,"href":"https:\/\/diariodominicano.com\/index.php?rest_route=%2Fwp%2Fv2%2Ftags&post=307084"}],"curies":[{"name":"wp","href":"https:\/\/api.w.org\/{rel}","templated":true}]}}