{"id":307059,"date":"2021-11-09T18:49:43","date_gmt":"2021-11-09T22:49:43","guid":{"rendered":"http:\/\/diariodominicano.com\/?p=307059"},"modified":"2021-11-09T18:49:43","modified_gmt":"2021-11-09T22:49:43","slug":"ecuador-lanza-foro-internacional-para-captar-inversiones-en-sectores-estrategicos","status":"publish","type":"post","link":"https:\/\/diariodominicano.com\/?p=307059","title":{"rendered":"Ecuador lanza foro internacional para captar inversiones en sectores estrat\u00e9gicos"},"content":{"rendered":"\n<p>diariodominicano.com<a rel=\"noreferrer noopener\" href=\"https:\/\/www.xinhua-news.com\/gdsdetailxhs\/share\/10586914-?pageflag=iframe\" target=\"_blank\"><\/a><\/p>\n\n\n\n<pre id=\"text-news-description\" class=\"wp-block-preformatted\">   QUITO, 9 nov (Xinhua) -- Ecuador lanz\u00f3 hoy el foro internacional de inversiones denominado \"Ecuador Open For Business 2021\" en el que presentar\u00e1 un portafolio de 25 proyectos en sectores estrat\u00e9gicos para dinamizar la econom\u00eda local, golpeada por la pandemia del nuevo coronavirus.\n   El ministro de Producci\u00f3n, Comercio Exterior, Inversiones y Pesca, Julio Prado, y la viceministra de Exportaciones e Inversiones, Lorena Konanz, hicieron el lanzamiento del foro internacional que se realizar\u00e1 el 18 y 19 de noviembre en Quito.\n   El evento, que se llevar\u00e1 a cabo en un formato h\u00edbrido (virtual y presencial), contar\u00e1 con m\u00e1s de 2.500 asistentes entre altos inversionistas y empresarios del pa\u00eds y del mundo para conocer las oportunidades de invertir en Ecuador.\n   Prado dijo que el foro, organizado por el gobierno, apunta a lograr inversiones por unos 30.000 millones de d\u00f3lares en proyectos estrat\u00e9gicos durante los cuatro a\u00f1os del gobierno.\n   \"Esto representa un esfuerzo tremendamente ambicioso de cerca del 30 por ciento del PIB (Producto Interno Bruto)\", dijo el funcionario, tras indicar que el foro incluye una feria de proyectos y una rueda de negocios.\n   Seg\u00fan el ministro, el gobierno lanza el foro con un mayor enfoque en los negocios, el comercio y las inversiones despu\u00e9s de que el pa\u00eds ha estado por m\u00e1s de una d\u00e9cada desvinculado de los flujos de capital global.\n   \"Nuestro objetivo es mejorar el clima empresarial y reconstruir la econom\u00eda de Ecuador a trav\u00e9s de una transformaci\u00f3n de la productividad y la competitividad que fortalecer\u00e1 nuestros sectores clave. Establecemos las bases para una recuperaci\u00f3n econ\u00f3mica s\u00f3lida y sostenible, basada en alianzas a largo plazo e inversi\u00f3n privada\", expuso.\n   Durante dos d\u00edas, m\u00e1s de 50 ponentes de alto nivel, incluidos inversionistas y ejecutivos de corporaciones privadas multinacionales, compartir\u00e1n su experiencia alrededor del mundo de los negocios.\n   Por su parte, Konanz detall\u00f3 que en el evento se promocionar\u00e1 un portafolio de 25 proyectos de inversi\u00f3n en sectores que pueden generar encadenamientos productivos.\n   \"Tenemos entre los principales las hidroel\u00e9ctricas, en infraestructura, diferentes carreteras, en telecomunicaciones, planes de vivienda\", indic\u00f3.\n   Tambi\u00e9n se presentar\u00e1n proyectos en turismo, miner\u00eda, energ\u00eda renovable, hidrocarburos, finanzas, log\u00edstica, agroalimentos e innovaci\u00f3n.\n   Seg\u00fan las autoridades, el gobierno espera atraer este a\u00f1o 2.000 millones de d\u00f3lares en inversi\u00f3n.\n   Durante los primeros seis meses de gobierno se han firmado 1.100 millones de d\u00f3lares en contratos de inversi\u00f3n, el doble de lo que se consigui\u00f3 en 2019, mencionaron.\n   En 2020, la econom\u00eda ecuatoriana se contrajo un 7,8 por ciento por efectos de la pandemia  y se prev\u00e9 que la econom\u00eda se expanda el 3,5 por ciento en 2021, seg\u00fan estimaciones del gobierno. <\/pre>\n","protected":false},"excerpt":{"rendered":"<p>diariodominicano.com QUITO, 9 nov (Xinhua) &#8212; Ecuador lanz\u00f3 hoy el foro internacional de inversiones denominado \u00abEcuador Open For Business 2021\u00bb en el que presentar\u00e1 un portafolio de 25 proyectos en sectores estrat\u00e9gicos para dinamizar la econom\u00eda local, golpeada por la pandemia del nuevo coronavirus. El ministro de Producci\u00f3n, Comercio Exterior, Inversiones y Pesca, Julio Prado, [&hellip;]<\/p>\n","protected":false},"author":5,"featured_media":307060,"comment_status":"closed","ping_status":"","sticky":true,"template":"","format":"standard","meta":{"footnotes":""},"categories":[23,27],"tags":[],"class_list":["post-307059","post","type-post","status-publish","format-standard","has-post-thumbnail","hentry","category-internacional","category-portada"],"_links":{"self":[{"href":"https:\/\/diariodominicano.com\/index.php?rest_route=\/wp\/v2\/posts\/307059","targetHints":{"allow":["GET"]}}],"collection":[{"href":"https:\/\/diariodominicano.com\/index.php?rest_route=\/wp\/v2\/posts"}],"about":[{"href":"https:\/\/diariodominicano.com\/index.php?rest_route=\/wp\/v2\/types\/post"}],"author":[{"embeddable":true,"href":"https:\/\/diariodominicano.com\/index.php?rest_route=\/wp\/v2\/users\/5"}],"replies":[{"embeddable":true,"href":"https:\/\/diariodominicano.com\/index.php?rest_route=%2Fwp%2Fv2%2Fcomments&post=307059"}],"version-history":[{"count":1,"href":"https:\/\/diariodominicano.com\/index.php?rest_route=\/wp\/v2\/posts\/307059\/revisions"}],"predecessor-version":[{"id":307061,"href":"https:\/\/diariodominicano.com\/index.php?rest_route=\/wp\/v2\/posts\/307059\/revisions\/307061"}],"wp:featuredmedia":[{"embeddable":true,"href":"https:\/\/diariodominicano.com\/index.php?rest_route=\/wp\/v2\/media\/307060"}],"wp:attachment":[{"href":"https:\/\/diariodominicano.com\/index.php?rest_route=%2Fwp%2Fv2%2Fmedia&parent=307059"}],"wp:term":[{"taxonomy":"category","embeddable":true,"href":"https:\/\/diariodominicano.com\/index.php?rest_route=%2Fwp%2Fv2%2Fcategories&post=307059"},{"taxonomy":"post_tag","embeddable":true,"href":"https:\/\/diariodominicano.com\/index.php?rest_route=%2Fwp%2Fv2%2Ftags&post=307059"}],"curies":[{"name":"wp","href":"https:\/\/api.w.org\/{rel}","templated":true}]}}