{"id":307043,"date":"2021-11-09T17:57:29","date_gmt":"2021-11-09T21:57:29","guid":{"rendered":"http:\/\/diariodominicano.com\/?p=307043"},"modified":"2021-11-09T19:29:00","modified_gmt":"2021-11-09T23:29:00","slug":"impone-prision-preventiva-contra-tres-miembros-de-una-familia-que-dieron-golpiza-a-un-hombre-durante-incidente-en-tenares","status":"publish","type":"post","link":"https:\/\/diariodominicano.com\/?p=307043","title":{"rendered":"Impone prisi\u00f3n preventiva contra tres miembros de una familia que dieron golpiza a un hombre durante incidente en Tenares"},"content":{"rendered":"\n<p><strong>HERMANAS MIRABAL, Rep\u00fablica Dominicana.-&nbsp;<\/strong>Tras acoger la solicitud del Ministerio P\u00fablico de esta provincia, una jueza de instrucci\u00f3n impuso tres meses de prisi\u00f3n preventiva en contra de tres miembros de una familia a quienes se les atribuye dar una golpiza a un hombre en la localidad Arroyo Seco del municipio Tenares.<\/p>\n\n\n\n<p><strong>La jueza Yudelka de Le\u00f3n dispuso que Virgen Martina Pe\u00f1a Fern\u00e1ndez y su hermano Santo Cristino Pe\u00f1a Fern\u00e1ndez, as\u00ed como su hijo Carlos Peralta Pe\u00f1a, cumplan la medida de coerci\u00f3n en la c\u00e1rcel p\u00fablica Juana N\u00fa\u00f1ez, de Salcedo, por los golpes causados a Jhongel Enmanuel Gil Portorreal.&nbsp;<\/strong><\/p>\n\n\n\n<p>De acuerdo con el auto acusatorio, presentado por el fiscal Pablo Orisis Molina Santos, el hecho se produjo el pasado 31 de octubre, cuando el imputado Santos Cristino Pe\u00f1a Fern\u00e1ndez se present\u00f3 en la casa donde se encontraba el nombrado Jhongel Enmanuel Gil Portorreal Alberto y, sin mediar palabras, lo atac\u00f3 a pu\u00f1etazos en la cara, tras lo cual emprendi\u00f3 la huida.<\/p>\n\n\n\n<p>Se\u00f1ala que dos horas m\u00e1s tarde, el se\u00f1or Santos Cristino Pe\u00f1a Fern\u00e1ndez regres\u00f3 conjuntamente con su hermana Virgen Martina Pe\u00f1a Fern\u00e1ndez, quien tom\u00f3 un tubo de bicicleta y comenz\u00f3 a golpear a Gil Portorreal, mientras que Carlos Jos\u00e9 Peralta Pe\u00f1a tambi\u00e9n le propinaba golpes.<\/p>\n\n\n\n<p>Las agresiones provocaron a la v\u00edctima un trauma en el muslo derecho con fractura de cadera derecha, curable en 50 d\u00edas, de acuerdo con el certificado m\u00e9dico legal, emitido por un legista de esta demarcaci\u00f3n.<\/p>\n\n\n\n<p>El Ministerio P\u00fablico indic\u00f3 que los imputados violaron los art\u00edculos 265, 266, 309 y 310 del C\u00f3digo Penal Dominicano, que tipifica la asociaci\u00f3n de malhechores, as\u00ed como la agresi\u00f3n con golpes y heridas.<\/p>\n\n\n\n<p>En la audiencia de conocimiento de medidas de coerci\u00f3n, el fiscal actuante present\u00f3 los elementos de pruebas testimoniales y documentales que sustentan la investigaci\u00f3n.<\/p>\n\n\n\n<p>En torno a este hecho, el fiscal titular de la Fiscal\u00eda de Hermanas Mirabal, Edward Andr\u00e9s N\u00fa\u00f1ez-Merette, sostuvo que este tipo de agresi\u00f3n demuestra el grado de intolerancia y la falta de convivencia de las personas que no respetan los criterios y creencias de los dem\u00e1s; por lo que dijo que estos hechos violentos siempre encontrar\u00e1n respuesta de parte del \u00f3rgano de la persecuci\u00f3n penal.<\/p>\n\n\n\n<p><strong>Direcci\u00f3n de Comunicaci\u00f3n y Prensa<\/strong><\/p>\n\n\n\n<p><strong>Procuradur\u00eda General-Ministerio P\u00fablico RD<\/strong><\/p>\n\n\n\n<p><strong>Martes, 9 de noviembre de 2021.<\/strong><\/p>\n","protected":false},"excerpt":{"rendered":"<p>HERMANAS MIRABAL, Rep\u00fablica Dominicana.-&nbsp;Tras acoger la solicitud del Ministerio P\u00fablico de esta provincia, una jueza de instrucci\u00f3n impuso tres meses de prisi\u00f3n preventiva en contra de tres miembros de una familia a quienes se les atribuye dar una golpiza a un hombre en la localidad Arroyo Seco del municipio Tenares. La jueza Yudelka de Le\u00f3n [&hellip;]<\/p>\n","protected":false},"author":2,"featured_media":271170,"comment_status":"closed","ping_status":"","sticky":true,"template":"","format":"standard","meta":{"footnotes":""},"categories":[24,27],"tags":[],"class_list":["post-307043","post","type-post","status-publish","format-standard","has-post-thumbnail","hentry","category-justicia-y-derecho","category-portada"],"_links":{"self":[{"href":"https:\/\/diariodominicano.com\/index.php?rest_route=\/wp\/v2\/posts\/307043","targetHints":{"allow":["GET"]}}],"collection":[{"href":"https:\/\/diariodominicano.com\/index.php?rest_route=\/wp\/v2\/posts"}],"about":[{"href":"https:\/\/diariodominicano.com\/index.php?rest_route=\/wp\/v2\/types\/post"}],"author":[{"embeddable":true,"href":"https:\/\/diariodominicano.com\/index.php?rest_route=\/wp\/v2\/users\/2"}],"replies":[{"embeddable":true,"href":"https:\/\/diariodominicano.com\/index.php?rest_route=%2Fwp%2Fv2%2Fcomments&post=307043"}],"version-history":[{"count":2,"href":"https:\/\/diariodominicano.com\/index.php?rest_route=\/wp\/v2\/posts\/307043\/revisions"}],"predecessor-version":[{"id":307075,"href":"https:\/\/diariodominicano.com\/index.php?rest_route=\/wp\/v2\/posts\/307043\/revisions\/307075"}],"wp:featuredmedia":[{"embeddable":true,"href":"https:\/\/diariodominicano.com\/index.php?rest_route=\/wp\/v2\/media\/271170"}],"wp:attachment":[{"href":"https:\/\/diariodominicano.com\/index.php?rest_route=%2Fwp%2Fv2%2Fmedia&parent=307043"}],"wp:term":[{"taxonomy":"category","embeddable":true,"href":"https:\/\/diariodominicano.com\/index.php?rest_route=%2Fwp%2Fv2%2Fcategories&post=307043"},{"taxonomy":"post_tag","embeddable":true,"href":"https:\/\/diariodominicano.com\/index.php?rest_route=%2Fwp%2Fv2%2Ftags&post=307043"}],"curies":[{"name":"wp","href":"https:\/\/api.w.org\/{rel}","templated":true}]}}