{"id":307035,"date":"2021-11-09T17:34:40","date_gmt":"2021-11-09T21:34:40","guid":{"rendered":"http:\/\/diariodominicano.com\/?p=307035"},"modified":"2021-11-09T17:34:40","modified_gmt":"2021-11-09T21:34:40","slug":"fedojudo-define-equipos-para-panam-infantil-y-copa-del-caribe","status":"publish","type":"post","link":"https:\/\/diariodominicano.com\/?p=307035","title":{"rendered":"Fedojudo define equipos para Panam infantil y copa del Caribe"},"content":{"rendered":"\n<p> <strong>El seleccionado infantil en pleno entrenamiento en la Casa Nacional del Judo <\/strong><\/p>\n\n\n\n<p><strong>SANTO DOMINGO.<\/strong>\u00a0Con un total de 102 atletas, la Rep\u00fablica Dominicana estar\u00e1 presente en el Campeonato Panamericano y Copa del Caribe de Judo Infantil que arranca este viernes en el hotel Dominican Fiesta.\u00a0<\/p>\n\n\n\n<p>El campeonato, organizado por la Federaci\u00f3n Dominicana de Judo (Fedojudo), en coordinaci\u00f3n con la Confederaci\u00f3n Dominicana de esa disciplina (CPJ), contar\u00e1 con la participaci\u00f3n de atletas de 15 pa\u00edses.&nbsp;<\/p>\n\n\n\n<p>El presidente de la Fedojudo, licenciado Gilberto Garc\u00eda, dijo que en la categor\u00eda sub-13 el pa\u00eds contar\u00e1 con una representaci\u00f3n de 65 infantiles, mientras que en sub-15 el seleccionado est\u00e1 conformado por 37 atletas.&nbsp;<\/p>\n\n\n\n<p>Garc\u00eda inform\u00f3 que el Campeonato Panamericano se llevar\u00e1 a cabo los d\u00edas viernes y s\u00e1bado, mientras que la copa del Caribe tendr\u00e1 lugar el domingo.&nbsp;<\/p>\n\n\n\n<p>Indic\u00f3 que, como los eventos se llevar\u00e1n a cabo en forma de burbuja, las competencias inician el viernes desde las 9:00 de la ma\u00f1ana, mientras que la breve ceremonia de apertura se realizar\u00e1 a las 4:00 de la tarde. Las finales ser\u00e1n a las 5:00 de la tarde.&nbsp;<\/p>\n\n\n\n<p>Garc\u00eda dijo adem\u00e1s que el campeonato representa una gran oportunidad para los infantes que representar\u00e1n a la Rep\u00fablica Dominicana y que tendr\u00e1n sus primeras competencias a nivel internacional.&nbsp;&nbsp;<\/p>\n\n\n\n<p>\u201cNuestro compromiso y deber con estos ni\u00f1os es desarrollarlos. Ellos representan el futuro del judo en el pa\u00eds\u201d, asegur\u00f3 el presidente de la Fedojudo. \u201cEste campeonato ser\u00e1 tipo burbuja por el covid y para cuidar a los m\u00e1s de 300 ni\u00f1os que intervendr\u00e1n en el evento\u201d, agreg\u00f3.&nbsp;&nbsp;<\/p>\n\n\n\n<p>El&nbsp;Campeonato&nbsp;Panamericano&nbsp;y&nbsp;Copa&nbsp;Abierta&nbsp;del&nbsp;Caribe&nbsp;de Judo es un evento oficial de la Confederaci\u00f3n Panamericana de Judo, organizado por la&nbsp;Fedojudo,&nbsp;y&nbsp;reunir\u00e1 a los mejores atletas&nbsp;infantiles de panam\u00e9rica.&nbsp;&nbsp;&nbsp;<\/p>\n\n\n\n<p>El evento cuenta con el respaldo&nbsp;del&nbsp;Ministerio de Deportes, Opal Jean&nbsp;y&nbsp;el Comit\u00e9 Ol\u00edmpico Dominicano (COD)&nbsp;y&nbsp;ser\u00e1 transmitido por&nbsp;<a href=\"http:\/\/colimdo.org\/\" target=\"_blank\" rel=\"noreferrer noopener\">colimdo.org<\/a>&nbsp;y&nbsp;fedojudo.org.&nbsp;&nbsp;<\/p>\n\n\n\n<p>La directora t\u00e9cnica de la Fedojudo, Leidi Germ\u00e1n, dijo que los atletas infantiles est\u00e1n concentrados en la Casa Nacional del Judo, donde realizan sus entrenamientos.&nbsp;<\/p>\n\n\n\n<p>En el campeonato competir\u00e1n atletas de Estados Unidos, Brasil, Per\u00fa, M\u00e9xico, Panam\u00e1, Puerto Rico, Curazao, Ecuador, Hait\u00ed, Argentina, Uruguay, Bolivia, Colombia, Costa Rica&nbsp;y&nbsp;el anfitri\u00f3n Rep\u00fablica Dominicana, entre otros.&nbsp;&nbsp;&nbsp;<\/p>\n\n\n\n<p><strong>Jesus Leonardo<\/strong>\u00a0&lt;hajofra@hotmail.com<\/p>\n\n\n\n<p><\/p>\n","protected":false},"excerpt":{"rendered":"<p>El seleccionado infantil en pleno entrenamiento en la Casa Nacional del Judo SANTO DOMINGO.\u00a0Con un total de 102 atletas, la Rep\u00fablica Dominicana estar\u00e1 presente en el Campeonato Panamericano y Copa del Caribe de Judo Infantil que arranca este viernes en el hotel Dominican Fiesta.\u00a0 El campeonato, organizado por la Federaci\u00f3n Dominicana de Judo (Fedojudo), en [&hellip;]<\/p>\n","protected":false},"author":2,"featured_media":307038,"comment_status":"closed","ping_status":"","sticky":true,"template":"","format":"standard","meta":{"footnotes":""},"categories":[17,27],"tags":[],"class_list":["post-307035","post","type-post","status-publish","format-standard","has-post-thumbnail","hentry","category-deportes","category-portada"],"_links":{"self":[{"href":"https:\/\/diariodominicano.com\/index.php?rest_route=\/wp\/v2\/posts\/307035","targetHints":{"allow":["GET"]}}],"collection":[{"href":"https:\/\/diariodominicano.com\/index.php?rest_route=\/wp\/v2\/posts"}],"about":[{"href":"https:\/\/diariodominicano.com\/index.php?rest_route=\/wp\/v2\/types\/post"}],"author":[{"embeddable":true,"href":"https:\/\/diariodominicano.com\/index.php?rest_route=\/wp\/v2\/users\/2"}],"replies":[{"embeddable":true,"href":"https:\/\/diariodominicano.com\/index.php?rest_route=%2Fwp%2Fv2%2Fcomments&post=307035"}],"version-history":[{"count":1,"href":"https:\/\/diariodominicano.com\/index.php?rest_route=\/wp\/v2\/posts\/307035\/revisions"}],"predecessor-version":[{"id":307039,"href":"https:\/\/diariodominicano.com\/index.php?rest_route=\/wp\/v2\/posts\/307035\/revisions\/307039"}],"wp:featuredmedia":[{"embeddable":true,"href":"https:\/\/diariodominicano.com\/index.php?rest_route=\/wp\/v2\/media\/307038"}],"wp:attachment":[{"href":"https:\/\/diariodominicano.com\/index.php?rest_route=%2Fwp%2Fv2%2Fmedia&parent=307035"}],"wp:term":[{"taxonomy":"category","embeddable":true,"href":"https:\/\/diariodominicano.com\/index.php?rest_route=%2Fwp%2Fv2%2Fcategories&post=307035"},{"taxonomy":"post_tag","embeddable":true,"href":"https:\/\/diariodominicano.com\/index.php?rest_route=%2Fwp%2Fv2%2Ftags&post=307035"}],"curies":[{"name":"wp","href":"https:\/\/api.w.org\/{rel}","templated":true}]}}