{"id":307019,"date":"2021-11-09T16:56:41","date_gmt":"2021-11-09T20:56:41","guid":{"rendered":"http:\/\/diariodominicano.com\/?p=307019"},"modified":"2021-11-09T16:58:46","modified_gmt":"2021-11-09T20:58:46","slug":"calle-el-conde-agoniza","status":"publish","type":"post","link":"https:\/\/diariodominicano.com\/?p=307019","title":{"rendered":"Calle El Conde agoniza"},"content":{"rendered":"\n<p><strong>Por Freddy P. Galarza<\/strong><\/p>\n\n\n\n<p><strong>New York<\/strong>.- Decenas de locales cerrados, en ventas, o en alquiler, describen la situaci\u00f3n de abandono por la que atraviesa la famosa calle El Conde y \u00e5reas circundante en Santo Domingo.<\/p>\n\n\n\n<p>La alegr\u00eda, bullicios de vendedores y p\u00fablicos que asist\u00edan a diario a esta v\u00eda convertida en peatonal a finales de los 80, ha ido desapareciendo en los \u00fcltimos a\u00f1os sin que las autoridades de ayer, y de hoy, hayan emprendido esfuerzos de rescate de esa parte de la zona colonial.<\/p>\n\n\n\n<p>Durante un recorrido por la zona, gran cantidad de sus viejos edificios lucen abandonados por falta de mantenimiento de sus propietarios los que resultan poco atractivos a la vista de los extranjeros que nos visitan . Cerca 30 establecimientos comerciales han desaparecidos de esa arteria comercial .<\/p>\n\n\n\n<p>Recordar que la otrora calle El Conde data del 1543, que inicia en las Damas y finaliza en la calle Palo Hincado, reconocida patrimonio de la humanidad por la Unesco.<\/p>\n\n\n\n<p>Reconocidos centros comerciales que estuvieron operando por a\u00f1os han cerrados sus puertas y puestos a las ventas, o alquiler. Comerciantes y buhoneros consultados alegan que la situaci\u00f3n se ve\u00eea llegar mucho antes de tomar posici\u00f3n el actual presidente Luis Abinader, y que la pandemia del Covid- 19, aceler\u00f3 la ca\u00edda econ\u00f3mica de la plaza comercial.<\/p>\n\n\n\n<p>Exponen que en iguales condiciones se encuentra la avenida Mella, donde s\u00f3lo queda parado el mercado Modelo, La Sirena, y un par de peque\u00f1as tiendas de ropas y zapatos, otros negocios de la zona colonial de Santo Domingo&nbsp; han desaparecidos .<\/p>\n\n\n\n<p>A pesar de la importancia tur\u00eestica e hist\u00f3rica del Conde es evidente el descuido de las autoridades municipales y tur\u00eesticas en su mantenimiento, donde sus principales edificios m\u00e1s emblem\u00e1ticos lucen sucios, detartalados y abandonados .<\/p>\n\n\n\n<p>Freddy Pichardo Galarza<a target=\"_blank\" href=\"mailto:freddypichardogalarza@yahoo.com\" rel=\"noreferrer noopener\">freddypichardogalarza@yahoo.com<\/a><\/p>\n","protected":false},"excerpt":{"rendered":"<p>Por Freddy P. Galarza New York.- Decenas de locales cerrados, en ventas, o en alquiler, describen la situaci\u00f3n de abandono por la que atraviesa la famosa calle El Conde y \u00e5reas circundante en Santo Domingo. La alegr\u00eda, bullicios de vendedores y p\u00fablicos que asist\u00edan a diario a esta v\u00eda convertida en peatonal a finales de [&hellip;]<\/p>\n","protected":false},"author":2,"featured_media":307020,"comment_status":"closed","ping_status":"","sticky":true,"template":"","format":"standard","meta":{"footnotes":""},"categories":[25,27],"tags":[],"class_list":["post-307019","post","type-post","status-publish","format-standard","has-post-thumbnail","hentry","category-gente","category-portada"],"_links":{"self":[{"href":"https:\/\/diariodominicano.com\/index.php?rest_route=\/wp\/v2\/posts\/307019","targetHints":{"allow":["GET"]}}],"collection":[{"href":"https:\/\/diariodominicano.com\/index.php?rest_route=\/wp\/v2\/posts"}],"about":[{"href":"https:\/\/diariodominicano.com\/index.php?rest_route=\/wp\/v2\/types\/post"}],"author":[{"embeddable":true,"href":"https:\/\/diariodominicano.com\/index.php?rest_route=\/wp\/v2\/users\/2"}],"replies":[{"embeddable":true,"href":"https:\/\/diariodominicano.com\/index.php?rest_route=%2Fwp%2Fv2%2Fcomments&post=307019"}],"version-history":[{"count":3,"href":"https:\/\/diariodominicano.com\/index.php?rest_route=\/wp\/v2\/posts\/307019\/revisions"}],"predecessor-version":[{"id":307023,"href":"https:\/\/diariodominicano.com\/index.php?rest_route=\/wp\/v2\/posts\/307019\/revisions\/307023"}],"wp:featuredmedia":[{"embeddable":true,"href":"https:\/\/diariodominicano.com\/index.php?rest_route=\/wp\/v2\/media\/307020"}],"wp:attachment":[{"href":"https:\/\/diariodominicano.com\/index.php?rest_route=%2Fwp%2Fv2%2Fmedia&parent=307019"}],"wp:term":[{"taxonomy":"category","embeddable":true,"href":"https:\/\/diariodominicano.com\/index.php?rest_route=%2Fwp%2Fv2%2Fcategories&post=307019"},{"taxonomy":"post_tag","embeddable":true,"href":"https:\/\/diariodominicano.com\/index.php?rest_route=%2Fwp%2Fv2%2Ftags&post=307019"}],"curies":[{"name":"wp","href":"https:\/\/api.w.org\/{rel}","templated":true}]}}