{"id":307010,"date":"2021-11-09T16:42:27","date_gmt":"2021-11-09T20:42:27","guid":{"rendered":"http:\/\/diariodominicano.com\/?p=307010"},"modified":"2021-11-09T16:43:04","modified_gmt":"2021-11-09T20:43:04","slug":"le-ocupan-un-arma-de-fabricacion-artesanal-con-la-que-intentaron-agredir-a-la-patrulla-policial-actuante","status":"publish","type":"post","link":"https:\/\/diariodominicano.com\/?p=307010","title":{"rendered":"Le ocupan un arma de fabricaci\u00f3n artesanal con la que intentaron agredir a la patrulla policial actuante"},"content":{"rendered":"\n<p>Uno result\u00f3 herido en ataque a patrulla de la PN.<\/p>\n\n\n\n<p><\/p>\n\n\n\n<p> <strong>El herido fue identificado como Marcos Jos\u00e9 Acevedo Polanco, de 36 a\u00f1os de edad, quien se encuentra recibiendo atenciones m\u00e9dicas en un centro de salud de esta ciudad, bajo custodia policial y cuando su condici\u00f3n de salud lo permita ser\u00e1 enviado a la justicia.<\/strong> <\/p>\n\n\n\n<p><strong>Santiago De Los Caballeros, 9 de noviembre 2021.<\/strong>\u00a0 La Polic\u00eda Nacional detuvo dos hombres y a uno de ellos le ocup\u00f3 una chilena, con la que intent\u00f3 disparar a los agentes actuantes, quienes respondieron ocasion\u00e1ndole herida de bala en una pierna.<\/p>\n\n\n\n<p><strong>El herido fue identificado como Marcos Jos\u00e9 Acevedo Polanco, de 36 a\u00f1os de edad, quien se encuentra recibiendo atenciones m\u00e9dicas en un centro de salud de esta ciudad, bajo custodia policial y cuando su condici\u00f3n de salud lo permita ser\u00e1 enviado a la justicia.<\/strong><\/p>\n\n\n\n<p>Junto a Acevedo Polanco, tambi\u00e9n fue apresado Ezequiel Pe\u00f1a, quien lo acompa\u00f1aba cuando se desplazaban por el sector Cienfuegos, en una motocicleta marca Tauro, color negro, sin placa, con perfil sospechoso, lo que llam\u00f3 la atenci\u00f3n de los integrantes de la unidad de Acci\u00f3n R\u00e1pida de la Polic\u00eda, quienes procedieron a detenerlo.<\/p>\n\n\n\n<p>Al verse acorralados, Acevedo Polanco intent\u00f3 disparar contra la patrulla con la \u201cChilena\u201d ocupada, y ante esa situaci\u00f3n fue herido por los efectivos policiales que lo capturaron.<\/p>\n\n\n\n<p>En poder del apresado, quien se encuentra interno en un centro asistencial, fue ocupada el arma de fabricaci\u00f3n casera con una c\u00e1psula 9 mil\u00edmetros y la motocicleta.<\/p>\n\n\n\n<p>Ezequiel Pe\u00f1a y lo ocupado se encuentran bajo el control del Ministerio P\u00fablico para los fines legales correspondientes, mientras que Acevedo Polanco, ser\u00e1 enviado a la justicia cuando su condici\u00f3n de salud lo permita.<\/p>\n\n\n\n<p><\/p>\n\n\n\n<p><strong>SUBDIRECCION DE COMUNICACIONES ESTRATEGICAS, DIRECCI\u00d3N REGIONAL CIBAO CENTRAL<\/strong><\/p>\n","protected":false},"excerpt":{"rendered":"<p>Uno result\u00f3 herido en ataque a patrulla de la PN. El herido fue identificado como Marcos Jos\u00e9 Acevedo Polanco, de 36 a\u00f1os de edad, quien se encuentra recibiendo atenciones m\u00e9dicas en un centro de salud de esta ciudad, bajo custodia policial y cuando su condici\u00f3n de salud lo permita ser\u00e1 enviado a la justicia. Santiago [&hellip;]<\/p>\n","protected":false},"author":2,"featured_media":307012,"comment_status":"closed","ping_status":"","sticky":true,"template":"","format":"standard","meta":{"footnotes":""},"categories":[24,27],"tags":[],"class_list":["post-307010","post","type-post","status-publish","format-standard","has-post-thumbnail","hentry","category-justicia-y-derecho","category-portada"],"_links":{"self":[{"href":"https:\/\/diariodominicano.com\/index.php?rest_route=\/wp\/v2\/posts\/307010","targetHints":{"allow":["GET"]}}],"collection":[{"href":"https:\/\/diariodominicano.com\/index.php?rest_route=\/wp\/v2\/posts"}],"about":[{"href":"https:\/\/diariodominicano.com\/index.php?rest_route=\/wp\/v2\/types\/post"}],"author":[{"embeddable":true,"href":"https:\/\/diariodominicano.com\/index.php?rest_route=\/wp\/v2\/users\/2"}],"replies":[{"embeddable":true,"href":"https:\/\/diariodominicano.com\/index.php?rest_route=%2Fwp%2Fv2%2Fcomments&post=307010"}],"version-history":[{"count":2,"href":"https:\/\/diariodominicano.com\/index.php?rest_route=\/wp\/v2\/posts\/307010\/revisions"}],"predecessor-version":[{"id":307014,"href":"https:\/\/diariodominicano.com\/index.php?rest_route=\/wp\/v2\/posts\/307010\/revisions\/307014"}],"wp:featuredmedia":[{"embeddable":true,"href":"https:\/\/diariodominicano.com\/index.php?rest_route=\/wp\/v2\/media\/307012"}],"wp:attachment":[{"href":"https:\/\/diariodominicano.com\/index.php?rest_route=%2Fwp%2Fv2%2Fmedia&parent=307010"}],"wp:term":[{"taxonomy":"category","embeddable":true,"href":"https:\/\/diariodominicano.com\/index.php?rest_route=%2Fwp%2Fv2%2Fcategories&post=307010"},{"taxonomy":"post_tag","embeddable":true,"href":"https:\/\/diariodominicano.com\/index.php?rest_route=%2Fwp%2Fv2%2Ftags&post=307010"}],"curies":[{"name":"wp","href":"https:\/\/api.w.org\/{rel}","templated":true}]}}