{"id":306975,"date":"2021-11-09T11:40:31","date_gmt":"2021-11-09T15:40:31","guid":{"rendered":"http:\/\/diariodominicano.com\/?p=306975"},"modified":"2021-11-09T12:10:33","modified_gmt":"2021-11-09T16:10:33","slug":"diputado-julito-fulcar-premia-a-ganadores-del-segundo-concurso-de-emprendimiento-peravia-cambia","status":"publish","type":"post","link":"https:\/\/diariodominicano.com\/?p=306975","title":{"rendered":"Diputado Julito Fulcar premia a ganadores del segundo concurso de emprendimiento \u201cPeravia Cambia\u201d"},"content":{"rendered":"\n<p>diariodominicano.com<\/p>\n\n\n\n<p><em>Los ganadores fueron Lisbeth Suarez, Oscar D\u00edaz y Ang\u00e9lica Santos, quienes recibieron un capital semilla para iniciar sus proyectos de negocios por valor de ochenta mil pesos, el primer lugar; cincuenta mil, el segundo lugar; y treinta mil, el tercer lugar.<\/em><\/p>\n\n\n\n<p><strong>Ban\u00ed, Peravia, R. D.,  9 de noviembre, 2021.-  <\/strong>La Oficina de Gesti\u00f3n Social y Legislativa del diputado por esta provincia, Julito Fulcar, premi\u00f3 a tres j\u00f3venes que resultaron ganadores de los primeros lugares de la segunda edici\u00f3n del concurso de innovaci\u00f3n social \u201cPeravia Cambia\u201d, dirigido a emprendedores en diferentes \u00e1reas de los negocios.<\/p>\n\n\n\n<p>Los ganadores son: Lisbeth Suazo, Oscar D\u00edaz y Ang\u00e9lica Santos, quienes recibieron un capital semilla para iniciar sus proyectos de negocios por valor de ochenta mil pesos (RD$ 80, 000), el primer lugar; cincuenta mil (RD$ 50,000), el segundo lugar; y treinta mil (RD$ 30,000), el tercer lugar.<\/p>\n\n\n\n<p>El proyecto est\u00e1 dirigido a j\u00f3venes de 15 a 35 a\u00f1os, quienes presentan sus ideas emprendedoras, las cuales son evaluadas por expertos en la materia y luego los participantes sometidos a un arduo proceso de capacitaci\u00f3n.<\/p>\n\n\n\n<p>El programa de innovaci\u00f3n social \u201cPeravia Cambia\u201d inici\u00f3 en el 2017, durante el primer per\u00edodo legislativo del diputado Fulcar.<\/p>\n\n\n\n<p>\u201cCuando asum\u00ed la posici\u00f3n que hoy ostento, mis primeras acciones fueron definir una estrategia de trabajo que vinculara nuestras acciones al segmento de la juventud, pens\u00e9 en dos posibilidades espec\u00edficas: la vinculaci\u00f3n de los j\u00f3venes al deporte y a la formaci\u00f3n; y decidimos trabajar en ambos campos y lo estamos haciendo\u201d, expres\u00f3.<\/p>\n\n\n\n<p>\u201cNuestra meta en estos cuatro a\u00f1os de gesti\u00f3n es formar a cuatrocientos j\u00f3venes emprendedores, queremos contribuir a la independencia econ\u00f3mica de la juventud de la provincia Peravia, nuestra visi\u00f3n es que ellos ampl\u00eden sus horizontes y tengan las capacidades para producir riquezas y crear empleos\u201d, dijo Fulcar.<\/p>\n\n\n\n<p>El legislador explic\u00f3 que el capital de negocio no se les entrega de manera directa a los ganadores, sino, que esos recursos son depositados en la entidad bancaria que \u00e9l prefiera, por partidas y conforme a la necesidad econ\u00f3mica para el inicio de los proyectos.<\/p>\n\n\n\n<p>\u201cSi demandan de mayor cantidad de recursos para implementar sus negocios, PROMIPYME, eval\u00faa y les facilita recursos, en calidad de pr\u00e9stamos\u201d, dijo \u00c1ngel Matos, quien tuvo a cargo el proceso de capacitaci\u00f3n a los j\u00f3venes y quien a su vez es encargado de PROMIPYME en la provincia.<\/p>\n\n\n\n<p>Fulcar record\u00f3 que tradicionalmente el pa\u00eds estuvo formando a los j\u00f3venes para el consumo y para el empleo, pero que esas dos acciones de trabajo no producen riquezas en ninguna parte del mundo, por lo que decidi\u00f3 trabajar el desarrollo de las capacidades de emprendimiento en los j\u00f3venes para que puedan crear sus propias empresas.<\/p>\n\n\n\n<p>Fuente:  Direcci\u00f3n de Comunicaciones<\/p>\n\n\n\n<figure class=\"wp-block-table\"><table><tbody><tr><td><strong>Carmen Curiel<\/strong><\/td><\/tr><\/tbody><\/table><\/figure>\n","protected":false},"excerpt":{"rendered":"<p>diariodominicano.com Los ganadores fueron Lisbeth Suarez, Oscar D\u00edaz y Ang\u00e9lica Santos, quienes recibieron un capital semilla para iniciar sus proyectos de negocios por valor de ochenta mil pesos, el primer lugar; cincuenta mil, el segundo lugar; y treinta mil, el tercer lugar. Ban\u00ed, Peravia, R. D., 9 de noviembre, 2021.- La Oficina de Gesti\u00f3n Social [&hellip;]<\/p>\n","protected":false},"author":5,"featured_media":306989,"comment_status":"closed","ping_status":"","sticky":true,"template":"","format":"standard","meta":{"footnotes":""},"categories":[20,27],"tags":[],"class_list":["post-306975","post","type-post","status-publish","format-standard","has-post-thumbnail","hentry","category-dominicana-hoy","category-portada"],"_links":{"self":[{"href":"https:\/\/diariodominicano.com\/index.php?rest_route=\/wp\/v2\/posts\/306975","targetHints":{"allow":["GET"]}}],"collection":[{"href":"https:\/\/diariodominicano.com\/index.php?rest_route=\/wp\/v2\/posts"}],"about":[{"href":"https:\/\/diariodominicano.com\/index.php?rest_route=\/wp\/v2\/types\/post"}],"author":[{"embeddable":true,"href":"https:\/\/diariodominicano.com\/index.php?rest_route=\/wp\/v2\/users\/5"}],"replies":[{"embeddable":true,"href":"https:\/\/diariodominicano.com\/index.php?rest_route=%2Fwp%2Fv2%2Fcomments&post=306975"}],"version-history":[{"count":3,"href":"https:\/\/diariodominicano.com\/index.php?rest_route=\/wp\/v2\/posts\/306975\/revisions"}],"predecessor-version":[{"id":306991,"href":"https:\/\/diariodominicano.com\/index.php?rest_route=\/wp\/v2\/posts\/306975\/revisions\/306991"}],"wp:featuredmedia":[{"embeddable":true,"href":"https:\/\/diariodominicano.com\/index.php?rest_route=\/wp\/v2\/media\/306989"}],"wp:attachment":[{"href":"https:\/\/diariodominicano.com\/index.php?rest_route=%2Fwp%2Fv2%2Fmedia&parent=306975"}],"wp:term":[{"taxonomy":"category","embeddable":true,"href":"https:\/\/diariodominicano.com\/index.php?rest_route=%2Fwp%2Fv2%2Fcategories&post=306975"},{"taxonomy":"post_tag","embeddable":true,"href":"https:\/\/diariodominicano.com\/index.php?rest_route=%2Fwp%2Fv2%2Ftags&post=306975"}],"curies":[{"name":"wp","href":"https:\/\/api.w.org\/{rel}","templated":true}]}}