{"id":306902,"date":"2021-11-08T23:54:53","date_gmt":"2021-11-09T03:54:53","guid":{"rendered":"http:\/\/diariodominicano.com\/?p=306902"},"modified":"2021-11-09T07:58:03","modified_gmt":"2021-11-09T11:58:03","slug":"gobierno-aprueba-vacunar-con-sinovac-a-menores-desde-5-a-11-anos-de-edad","status":"publish","type":"post","link":"https:\/\/diariodominicano.com\/?p=306902","title":{"rendered":"Gobierno Dominicano aprueba vacunar con Sinovac a menores desde 5 a 11 a\u00f1os de edad"},"content":{"rendered":"\n<p>diariodominicano.com<\/p>\n\n\n\n<p>Santo Domingo, R. D., 8 de noviembre, 2021.- Tras un segundo encuentro con representantes del Colegio M\u00e9dico Dominicano, sociedades m\u00e9dicas especializadas y representantes del Gabinete de Salud, qued\u00f3 aprobada la vacunaci\u00f3n a menores desde 5 a 11 a\u00f1os de edad con dos dosis de Sinovac, por ser el biol\u00f3gico disponible en el pa\u00eds.<\/p>\n\n\n\n<p>La reuni\u00f3n que se extendi\u00f3 por m\u00e1s de dos horas, fue encabezada por el ministro de Salud, Daniel Rivera, quien asegur\u00f3 que el principal inter\u00e9s es proteger a la poblaci\u00f3n infantil y por ello han buscado el consenso de los especialistas en diversas \u00e1reas, principalmente de pediatr\u00eda.&nbsp;<\/p>\n\n\n\n<p>\u201cEstamos de acuerdo en vacunar a los ni\u00f1os, llamamos a la poblaci\u00f3n a que aprovechen el mes de la familia, para que en los pr\u00f3ximos d\u00edas, adem\u00e1s de ayudarnos a alcanzar la meta del 70 por ciento de vacunados con segunda dosis, lo hagan con responsabilidad, confianza y seguridad a los ni\u00f1os\u201d dijo Rivera.<\/p>\n\n\n\n<p>Explic\u00f3 que lo que se busca es \u201csalvar vidas\u201d y que los no vacunados siguen siendo los que llegan con gravedad. As\u00ed como los adultos j\u00f3venes que siguen sin vacunarse, deben asumir la responsabilidad de hacerlo.<\/p>\n\n\n\n<p>Mientras, el doctor Eddy P\u00e9rez Then, asesor del Ministerio de salud en materia de COVID-19, quien sirvi\u00f3 de vocero sobre la decisi\u00f3n de aplicar la vacuna, manifest\u00f3 que para tales fines han tomado en cuenta la experiencia de otros pa\u00edses como Chile, China y Estados Unidos (este pa\u00eds inici\u00f3 la vacunaci\u00f3n en ni\u00f1os, pero con la vacuna Pfizer), adem\u00e1s de diversos estudios que avalan la efectividad de la vacuna Sinovac.<\/p>\n\n\n\n<p>Indic\u00f3 que otros aspectos que avalan la necesidad de vacunar a esa poblaci\u00f3n es que, aunque los contagios son menos, al igual que los adultos, la poblaci\u00f3n infantil se convierte en vectores del virus SARS CoV-2.<\/p>\n\n\n\n<p>\u201cCreemos que es un momento muy importante esta decisi\u00f3n consensuada. Hemos tomado la vulnerabilidad de ni\u00f1os y ni\u00f1as, posible aumento de contagio por la movilidad de los pr\u00f3ximos d\u00edas, pero tambi\u00e9n por la experiencia de los pa\u00edses que ya han comenzado a vacunar a su poblaci\u00f3n infantil y que hasta el momento no han tenido eventos serios que reporta, como el caso de China que lleva millones de ni\u00f1os vacunados sin que haya reportado efectos secundarios\u201d<\/p>\n\n\n\n<p>La vacunaci\u00f3n inicial ser\u00e1 con Sinovac, pero a partir del primer trimestre de 2022 estar\u00eda disponible la Pfizer para continuar el proceso tambi\u00e9n con este biol\u00f3gico.<\/p>\n\n\n\n<p>Las autoridades de Salud llamaron a la poblaci\u00f3n a tomar conciencia de la necesidad de vacunarse, tanto a los ni\u00f1os como a las 700 personas que a\u00fan faltan para completar el esquema de segunda dosis.<\/p>\n\n\n\n<p>Indicaron que ahora la tarea es organizar la log\u00edstica para en los pr\u00f3ximos d\u00edas se informar\u00e1 c\u00f3mo se har\u00e1 el proceso.<\/p>\n\n\n\n<p>Mientras, los representantes de la Sociedad Dominicana de Pediatr\u00eda, aunque se mostraron acorde a la vacunaci\u00f3n en ni\u00f1os, expresaron que hace falta m\u00e1s informaci\u00f3n, como: cantidad de ni\u00f1os infectados y sus edades, comorbilidad de esta poblaci\u00f3n, pruebas de que los ni\u00f1os son vectores para los adultos mayores, as\u00ed como estudios cient\u00edficamente probados de la efectividad de la misma, m\u00e1s all\u00e1 de los que hasta ahora se han tomado en cuenta.&nbsp;<\/p>\n\n\n\n<p>Los especialistas y autoridades de Salud previo a llegar a un acuerdo, analizaron los planteamientos surgidos sobre la vacunaci\u00f3n, cada uno expuso sus puntos de vista y aspectos positivos y negativos que pudiera tener el proceso.<\/p>\n\n\n\n<p>En especial, coincidieron en la necesidad de elaborar una campa\u00f1a de orientaci\u00f3n y concienciaci\u00f3n exhaustiva para sensibilizar a la poblaci\u00f3n para vacunar a la poblaci\u00f3n de 5 a 11 a\u00f1os.<\/p>\n\n\n\n<p>Estuvieron presentes: El director del Servicio Nacional de Salud, doctor Mario Lama; director Ejecutivo del Seguro Nacional de Salud (SENASA), doctor Santiago Hazin; el director del Programa de Medicamentos Esenciales Central de Apoyo Log\u00edstico PROMESE\/Cal, Rafael Adolfo P\u00e9rez; el doctor Clemente Terrero del Hospital Robert Reid Cabral; la directora del Hospital Hugo Mendoza, Dhamelisse Then Vanderhorst; Luz Herrera de la Sociedad Dominicana de Pediatr\u00eda y representantes de otras sociedades m\u00e9dicas.<\/p>\n\n\n\n<p>Fuente: Direcci\u00f3n de Estrategia y Comunicaci\u00f3n Gubernamental<\/p>\n\n\n\n<p>Ministerio Administrativo de la Presidencia de la Rep\u00fablica Dominicana<\/p>\n\n\n\n<p><\/p>\n","protected":false},"excerpt":{"rendered":"<p>diariodominicano.com Santo Domingo, R. D., 8 de noviembre, 2021.- Tras un segundo encuentro con representantes del Colegio M\u00e9dico Dominicano, sociedades m\u00e9dicas especializadas y representantes del Gabinete de Salud, qued\u00f3 aprobada la vacunaci\u00f3n a menores desde 5 a 11 a\u00f1os de edad con dos dosis de Sinovac, por ser el biol\u00f3gico disponible en el pa\u00eds. La [&hellip;]<\/p>\n","protected":false},"author":5,"featured_media":306903,"comment_status":"closed","ping_status":"","sticky":true,"template":"","format":"standard","meta":{"footnotes":""},"categories":[20,27],"tags":[],"class_list":["post-306902","post","type-post","status-publish","format-standard","has-post-thumbnail","hentry","category-dominicana-hoy","category-portada"],"_links":{"self":[{"href":"https:\/\/diariodominicano.com\/index.php?rest_route=\/wp\/v2\/posts\/306902","targetHints":{"allow":["GET"]}}],"collection":[{"href":"https:\/\/diariodominicano.com\/index.php?rest_route=\/wp\/v2\/posts"}],"about":[{"href":"https:\/\/diariodominicano.com\/index.php?rest_route=\/wp\/v2\/types\/post"}],"author":[{"embeddable":true,"href":"https:\/\/diariodominicano.com\/index.php?rest_route=\/wp\/v2\/users\/5"}],"replies":[{"embeddable":true,"href":"https:\/\/diariodominicano.com\/index.php?rest_route=%2Fwp%2Fv2%2Fcomments&post=306902"}],"version-history":[{"count":3,"href":"https:\/\/diariodominicano.com\/index.php?rest_route=\/wp\/v2\/posts\/306902\/revisions"}],"predecessor-version":[{"id":306948,"href":"https:\/\/diariodominicano.com\/index.php?rest_route=\/wp\/v2\/posts\/306902\/revisions\/306948"}],"wp:featuredmedia":[{"embeddable":true,"href":"https:\/\/diariodominicano.com\/index.php?rest_route=\/wp\/v2\/media\/306903"}],"wp:attachment":[{"href":"https:\/\/diariodominicano.com\/index.php?rest_route=%2Fwp%2Fv2%2Fmedia&parent=306902"}],"wp:term":[{"taxonomy":"category","embeddable":true,"href":"https:\/\/diariodominicano.com\/index.php?rest_route=%2Fwp%2Fv2%2Fcategories&post=306902"},{"taxonomy":"post_tag","embeddable":true,"href":"https:\/\/diariodominicano.com\/index.php?rest_route=%2Fwp%2Fv2%2Ftags&post=306902"}],"curies":[{"name":"wp","href":"https:\/\/api.w.org\/{rel}","templated":true}]}}