{"id":306876,"date":"2021-11-08T22:30:37","date_gmt":"2021-11-09T02:30:37","guid":{"rendered":"http:\/\/diariodominicano.com\/?p=306876"},"modified":"2021-11-09T01:34:03","modified_gmt":"2021-11-09T05:34:03","slug":"la-fedogolf-dedicara-el-vii-torneo-interasociaciones-al-banco-de-reservas","status":"publish","type":"post","link":"https:\/\/diariodominicano.com\/?p=306876","title":{"rendered":"La Fedogolf dedicar\u00e1 el VII Torneo Interasociaciones al Banco de Reservas"},"content":{"rendered":"\n<p><strong> Desde la izquierda&nbsp;Pedro B\u00e1ez, del Banreservas, junto a Carlos Elm\u00fadesi y Luis Jos\u00e9 Placeres, presidente y director de Fedogolf, respectivamente. &nbsp;al Banco de Reservas<\/strong><\/p>\n\n\n\n<p>SANTO DOMINGO.- La Federaci\u00f3n Dominicana de Golf (Fedogolf) anunci\u00f3 este lunes 8 de noviembre que dedicar\u00e1 el VII&nbsp;Torneo&nbsp;Interasociaciones al Banco de Reservas.<\/p>\n\n\n\n<p>Carlos Elm\u00fadesi, presidente de Fedogolf, inform\u00f3 que le rendir\u00e1n un homenaje al Banco de Reservas por el apoyo constante al deporte, principalmente al golf dominicano.<\/p>\n\n\n\n<p>\u201cAnunciamos con regocijo la VII edici\u00f3n del&nbsp;Torneo&nbsp;Interasociaciones, que este a\u00f1o tiene una especial dedicatoria al Banco de Reservas. Esta copa llevar\u00e1 el nombre de Mastercard Banreservas\u201d, expres\u00f3 Elm\u00fadesi, en rueda de prensa, donde tambi\u00e9n&nbsp;participaron Pedro B\u00e1ez, gerente de divisi\u00f3n del Banreservas y Luis Jos\u00e9 Placeres, director del torneo.<\/p>\n\n\n\n<p>El evento se jugar\u00e1 en el campo Playa Dorada Golf Course, de Puerto Plata, donde tomar\u00e1n parte las nueve&nbsp;asociaciones&nbsp;de la Fedogolf: Santo Domingo, Distrito Nacional, San Pedro de Macor\u00eds, La Romana, La Altagracia, Monse\u00f1or Nouel, La Vega, Santiago de los Caballeros y Puerto Plata.<\/p>\n\n\n\n<div class=\"wp-block-jetpack-slideshow aligncenter\" data-effect=\"slide\"><div class=\"wp-block-jetpack-slideshow_container swiper-container\"><ul class=\"wp-block-jetpack-slideshow_swiper-wrapper swiper-wrapper\"><li class=\"wp-block-jetpack-slideshow_slide swiper-slide\"><figure><img loading=\"lazy\" decoding=\"async\" width=\"1024\" height=\"682\" alt=\"\" class=\"wp-block-jetpack-slideshow_image wp-image-306932\" data-id=\"306932\" src=\"https:\/\/diariodominicano.com\/wp-content\/uploads\/2021\/11\/RD-Supero-a-Saint-Martin-y-se-mantiene-lider-del-Grupo-B-1024x682.jpg\" srcset=\"https:\/\/diariodominicano.com\/wp-content\/uploads\/2021\/11\/RD-Supero-a-Saint-Martin-y-se-mantiene-lider-del-Grupo-B-1024x682.jpg 1024w, https:\/\/diariodominicano.com\/wp-content\/uploads\/2021\/11\/RD-Supero-a-Saint-Martin-y-se-mantiene-lider-del-Grupo-B-300x200.jpg 300w, https:\/\/diariodominicano.com\/wp-content\/uploads\/2021\/11\/RD-Supero-a-Saint-Martin-y-se-mantiene-lider-del-Grupo-B-768x512.jpg 768w, https:\/\/diariodominicano.com\/wp-content\/uploads\/2021\/11\/RD-Supero-a-Saint-Martin-y-se-mantiene-lider-del-Grupo-B-816x543.jpg 816w, https:\/\/diariodominicano.com\/wp-content\/uploads\/2021\/11\/RD-Supero-a-Saint-Martin-y-se-mantiene-lider-del-Grupo-B.jpg 1066w\" sizes=\"auto, (max-width: 1024px) 100vw, 1024px\" \/><\/figure><\/li><li class=\"wp-block-jetpack-slideshow_slide swiper-slide\"><figure><img loading=\"lazy\" decoding=\"async\" width=\"1024\" height=\"682\" alt=\"\" class=\"wp-block-jetpack-slideshow_image wp-image-306931\" data-id=\"306931\" src=\"https:\/\/diariodominicano.com\/wp-content\/uploads\/2021\/11\/RD-Supero-a-Saint-Martin-y-se-mantiene-lider-del-Grupo-B-IV-1024x682.jpg\" srcset=\"https:\/\/diariodominicano.com\/wp-content\/uploads\/2021\/11\/RD-Supero-a-Saint-Martin-y-se-mantiene-lider-del-Grupo-B-IV-1024x682.jpg 1024w, https:\/\/diariodominicano.com\/wp-content\/uploads\/2021\/11\/RD-Supero-a-Saint-Martin-y-se-mantiene-lider-del-Grupo-B-IV-300x200.jpg 300w, https:\/\/diariodominicano.com\/wp-content\/uploads\/2021\/11\/RD-Supero-a-Saint-Martin-y-se-mantiene-lider-del-Grupo-B-IV-768x512.jpg 768w, https:\/\/diariodominicano.com\/wp-content\/uploads\/2021\/11\/RD-Supero-a-Saint-Martin-y-se-mantiene-lider-del-Grupo-B-IV-816x544.jpg 816w, https:\/\/diariodominicano.com\/wp-content\/uploads\/2021\/11\/RD-Supero-a-Saint-Martin-y-se-mantiene-lider-del-Grupo-B-IV.jpg 1280w\" sizes=\"auto, (max-width: 1024px) 100vw, 1024px\" \/><\/figure><\/li><li class=\"wp-block-jetpack-slideshow_slide swiper-slide\"><figure><img loading=\"lazy\" decoding=\"async\" width=\"1024\" height=\"682\" alt=\"\" class=\"wp-block-jetpack-slideshow_image wp-image-306930\" data-id=\"306930\" src=\"https:\/\/diariodominicano.com\/wp-content\/uploads\/2021\/11\/RD-Supero-a-Saint-Martin-y-se-mantiene-lider-del-Grupo-B-III-1024x682.jpg\" srcset=\"https:\/\/diariodominicano.com\/wp-content\/uploads\/2021\/11\/RD-Supero-a-Saint-Martin-y-se-mantiene-lider-del-Grupo-B-III-1024x682.jpg 1024w, https:\/\/diariodominicano.com\/wp-content\/uploads\/2021\/11\/RD-Supero-a-Saint-Martin-y-se-mantiene-lider-del-Grupo-B-III-300x200.jpg 300w, https:\/\/diariodominicano.com\/wp-content\/uploads\/2021\/11\/RD-Supero-a-Saint-Martin-y-se-mantiene-lider-del-Grupo-B-III-768x512.jpg 768w, https:\/\/diariodominicano.com\/wp-content\/uploads\/2021\/11\/RD-Supero-a-Saint-Martin-y-se-mantiene-lider-del-Grupo-B-III-816x544.jpg 816w, https:\/\/diariodominicano.com\/wp-content\/uploads\/2021\/11\/RD-Supero-a-Saint-Martin-y-se-mantiene-lider-del-Grupo-B-III.jpg 1280w\" sizes=\"auto, (max-width: 1024px) 100vw, 1024px\" \/><\/figure><\/li><li class=\"wp-block-jetpack-slideshow_slide swiper-slide\"><figure><img loading=\"lazy\" decoding=\"async\" width=\"1024\" height=\"682\" alt=\"\" class=\"wp-block-jetpack-slideshow_image wp-image-306929\" data-id=\"306929\" src=\"https:\/\/diariodominicano.com\/wp-content\/uploads\/2021\/11\/RD-Supero-a-Saint-Martin-y-se-mantiene-lider-del-Grupo-B-I-1024x682.jpg\" srcset=\"https:\/\/diariodominicano.com\/wp-content\/uploads\/2021\/11\/RD-Supero-a-Saint-Martin-y-se-mantiene-lider-del-Grupo-B-I-1024x682.jpg 1024w, https:\/\/diariodominicano.com\/wp-content\/uploads\/2021\/11\/RD-Supero-a-Saint-Martin-y-se-mantiene-lider-del-Grupo-B-I-300x200.jpg 300w, https:\/\/diariodominicano.com\/wp-content\/uploads\/2021\/11\/RD-Supero-a-Saint-Martin-y-se-mantiene-lider-del-Grupo-B-I-768x512.jpg 768w, https:\/\/diariodominicano.com\/wp-content\/uploads\/2021\/11\/RD-Supero-a-Saint-Martin-y-se-mantiene-lider-del-Grupo-B-I-816x544.jpg 816w, https:\/\/diariodominicano.com\/wp-content\/uploads\/2021\/11\/RD-Supero-a-Saint-Martin-y-se-mantiene-lider-del-Grupo-B-I.jpg 1280w\" sizes=\"auto, (max-width: 1024px) 100vw, 1024px\" \/><\/figure><\/li><li class=\"wp-block-jetpack-slideshow_slide swiper-slide\"><figure><img loading=\"lazy\" decoding=\"async\" width=\"1024\" height=\"682\" alt=\"\" class=\"wp-block-jetpack-slideshow_image wp-image-306928\" data-id=\"306928\" src=\"https:\/\/diariodominicano.com\/wp-content\/uploads\/2021\/11\/RD-Supero-a-Saint-Martin-y-se-mantiene-lider-del-Grupo-B-II-1024x682.jpg\" srcset=\"https:\/\/diariodominicano.com\/wp-content\/uploads\/2021\/11\/RD-Supero-a-Saint-Martin-y-se-mantiene-lider-del-Grupo-B-II-1024x682.jpg 1024w, https:\/\/diariodominicano.com\/wp-content\/uploads\/2021\/11\/RD-Supero-a-Saint-Martin-y-se-mantiene-lider-del-Grupo-B-II-300x200.jpg 300w, https:\/\/diariodominicano.com\/wp-content\/uploads\/2021\/11\/RD-Supero-a-Saint-Martin-y-se-mantiene-lider-del-Grupo-B-II-768x512.jpg 768w, https:\/\/diariodominicano.com\/wp-content\/uploads\/2021\/11\/RD-Supero-a-Saint-Martin-y-se-mantiene-lider-del-Grupo-B-II-816x544.jpg 816w, https:\/\/diariodominicano.com\/wp-content\/uploads\/2021\/11\/RD-Supero-a-Saint-Martin-y-se-mantiene-lider-del-Grupo-B-II.jpg 1280w\" sizes=\"auto, (max-width: 1024px) 100vw, 1024px\" \/><\/figure><\/li><\/ul><a class=\"wp-block-jetpack-slideshow_button-prev swiper-button-prev swiper-button-white\" role=\"button\"><\/a><a class=\"wp-block-jetpack-slideshow_button-next swiper-button-next swiper-button-white\" role=\"button\"><\/a><a aria-label=\"Pause Slideshow\" class=\"wp-block-jetpack-slideshow_button-pause\" role=\"button\"><\/a><div class=\"wp-block-jetpack-slideshow_pagination swiper-pagination swiper-pagination-white\"><\/div><\/div><\/div>\n\n\n\n<p>El&nbsp;torneo&nbsp;ser\u00e1 realizado el&nbsp;s\u00e1bado&nbsp;20 de noviembre del presente a\u00f1o. La justa tiene previsto iniciar a las 10 de la ma\u00f1ana con 108 jugadores, 12 por equipos.<br><\/p>\n\n\n\n<p>Por su parte, Pedro B\u00e1ez, del Banreservas, agradeci\u00f3 el gesto de la Fedogolf por dedicar el torneo a la instituci\u00f3n bancaria. Adelant\u00f3 que una comitiva del banco estar\u00e1 en el evento dando apoyo.<\/p>\n\n\n\n<p>\u201cPara el Banco de Reservas es un gran placer poder acompa\u00f1arlos en el torneo junto a la tarjeta Mastercard. Estamos muy complacidos con el acuerdo que hemos hecho este a\u00f1o con la Fedogolf, por lo que auguramos \u00e9xitos como siempre para este importante evento\u201d, resalt\u00f3 B\u00e1ez.<\/p>\n\n\n\n<p>Placeres, director de la Fedogolf, explic\u00f3 que&nbsp;las reglas del&nbsp;torneo&nbsp;incluir\u00e1n un protocolo que garantice medidas de protecci\u00f3n al COVID-19, siguiendo las recomendaciones de las autoridades sanitarias.<\/p>\n\n\n\n<p>A\u00f1adi\u00f3 que el torneo se jugar\u00e1 bajo el formato stroke play (juego por golpes).<\/p>\n\n\n\n<p>\u201cEl torneo se jugar\u00e1 en dos modalidades, una en equipo por asociaci\u00f3n, en donde los 12 jugadores acumulan puntos, mientras que en la modalidad individual se premiar\u00e1 el mejor jugador de cada categor\u00eda. Se jugar\u00e1 en A, AA, B y C en caballeros. Tambi\u00e9n Senior A, Senior B y Damas A y B\u201d, explic\u00f3 Placeres.<\/p>\n\n\n\n<p>La Asociaci\u00f3n de Golf de Santiago (Sagolf) se coron\u00f3 campe\u00f3n de la VI edici\u00f3n, celebrada en Santiago en noviembre del a\u00f1o pasado.<\/p>\n","protected":false},"excerpt":{"rendered":"<p>Desde la izquierda&nbsp;Pedro B\u00e1ez, del Banreservas, junto a Carlos Elm\u00fadesi y Luis Jos\u00e9 Placeres, presidente y director de Fedogolf, respectivamente. &nbsp;al Banco de Reservas SANTO DOMINGO.- La Federaci\u00f3n Dominicana de Golf (Fedogolf) anunci\u00f3 este lunes 8 de noviembre que dedicar\u00e1 el VII&nbsp;Torneo&nbsp;Interasociaciones al Banco de Reservas. Carlos Elm\u00fadesi, presidente de Fedogolf, inform\u00f3 que le rendir\u00e1n [&hellip;]<\/p>\n","protected":false},"author":2,"featured_media":306877,"comment_status":"closed","ping_status":"","sticky":true,"template":"","format":"standard","meta":{"footnotes":""},"categories":[17,27],"tags":[],"class_list":["post-306876","post","type-post","status-publish","format-standard","has-post-thumbnail","hentry","category-deportes","category-portada"],"_links":{"self":[{"href":"https:\/\/diariodominicano.com\/index.php?rest_route=\/wp\/v2\/posts\/306876","targetHints":{"allow":["GET"]}}],"collection":[{"href":"https:\/\/diariodominicano.com\/index.php?rest_route=\/wp\/v2\/posts"}],"about":[{"href":"https:\/\/diariodominicano.com\/index.php?rest_route=\/wp\/v2\/types\/post"}],"author":[{"embeddable":true,"href":"https:\/\/diariodominicano.com\/index.php?rest_route=\/wp\/v2\/users\/2"}],"replies":[{"embeddable":true,"href":"https:\/\/diariodominicano.com\/index.php?rest_route=%2Fwp%2Fv2%2Fcomments&post=306876"}],"version-history":[{"count":3,"href":"https:\/\/diariodominicano.com\/index.php?rest_route=\/wp\/v2\/posts\/306876\/revisions"}],"predecessor-version":[{"id":306941,"href":"https:\/\/diariodominicano.com\/index.php?rest_route=\/wp\/v2\/posts\/306876\/revisions\/306941"}],"wp:featuredmedia":[{"embeddable":true,"href":"https:\/\/diariodominicano.com\/index.php?rest_route=\/wp\/v2\/media\/306877"}],"wp:attachment":[{"href":"https:\/\/diariodominicano.com\/index.php?rest_route=%2Fwp%2Fv2%2Fmedia&parent=306876"}],"wp:term":[{"taxonomy":"category","embeddable":true,"href":"https:\/\/diariodominicano.com\/index.php?rest_route=%2Fwp%2Fv2%2Fcategories&post=306876"},{"taxonomy":"post_tag","embeddable":true,"href":"https:\/\/diariodominicano.com\/index.php?rest_route=%2Fwp%2Fv2%2Ftags&post=306876"}],"curies":[{"name":"wp","href":"https:\/\/api.w.org\/{rel}","templated":true}]}}