{"id":306864,"date":"2021-11-09T01:21:56","date_gmt":"2021-11-09T05:21:56","guid":{"rendered":"http:\/\/diariodominicano.com\/?p=306864"},"modified":"2021-11-09T01:28:45","modified_gmt":"2021-11-09T05:28:45","slug":"dominicanos-nyc-protestan-por-construccion-presa-hidroelectrica-las-placetas-en-rd","status":"publish","type":"post","link":"https:\/\/diariodominicano.com\/?p=306864","title":{"rendered":"Dominicanos NYC protestan por construcci\u00f3n presa Hidroel\u00e9ctrica Las Placetas en RD"},"content":{"rendered":"\n<p><strong>Por Ram\u00f3n Mercedes<\/strong><\/p>\n\n\n\n<p><strong>NUEVA YORK.-<\/strong>&nbsp;M\u00e1s de 200 dominicanos residentes en esta ciudad, procedentes de la Cordillera Central en el municipio de San Jos\u00e9 de las Matas-Santiago, realizaron una concentraci\u00f3n este domingo en Long Island para protestar contra la construcci\u00f3n de la presa \u201cHidroel\u00e9ctrica Las Placetas\u201d.<\/p>\n\n\n\n<p>Los serranos afirman que dicha presa terminar\u00eda borrando los r\u00edos Jagua y Bao, 10 balnearios, \u00e1reas recreativas que har\u00edan colapsar las inversiones comerciales, el ecoturismo de la zona, y causar\u00eda un ecocidio en la parte alta de la cordillera, en plena violaci\u00f3n a la ley de \u00e1reas protegidas 202-04, que afectar\u00eda al Parque Nacional Armando Berm\u00fadez.<\/p>\n\n\n\n<p>\u201cPerderemos dos de los r\u00edos m\u00e1s importantes de Rep\u00fablica Dominicana. Esos r\u00edos nunca volver\u00e1n a su caudal normal, la peque\u00f1a cantidad que quedar\u00e1 para m\u00e1s de 30 mil habitantes no ser\u00e1 m\u00e1s que un peque\u00f1o arroyo lleno de floraciones de algas\u201d, indic\u00f3 Juan de Dios Collado de la Coalici\u00f3n Socioambiental en Defensa de La Sierra.<\/p>\n\n\n\n<p>\u201cNo podemos concebir que el Gobierno, que ha dejado en el olvido la zona por m\u00e1s de 60 a\u00f1os, hoy quiera venir a imponer un proyecto de supuesto desarrollo, a cargo de la constructora brasile\u00f1a \u201cAndrade Guti\u00e9rrez\u201d, expresa Jeannette Caba de la Asociaci\u00f3n Pro Desarrollo de Carrizal (APRODECA).<\/p>\n\n\n\n<p>Recordaron que la empresa constructora fue condenada en su pa\u00eds a pagar 382 millones de d\u00f3lares por 54 contratos fraudulentos y sobornos involucrados en el esc\u00e1ndalo de corrupci\u00f3n internacional conocido como Lava Jato, expresan los serranos en documento.<\/p>\n\n\n\n<p>La obra fue iniciada en el 2007 en el gobierno de Leonel Fern\u00e1ndez y paralizada en el 2013 en el mandato de Danilo Medina, siete a\u00f1os despu\u00e9s el presidente Abinader retom\u00f3 la controversial obra con un nuevo redise\u00f1o elevando su presupuesto entre 850 y 1000 millones de d\u00f3lares muy por encima del costo original que era de 285 millones, seg\u00fan se ha denunciado, especifican.<\/p>\n\n\n\n<p>Los protestantes indicaron que la presa a\u00fan no cuenta con licencia ambiental ni social, pero tienen maquinarias en el \u00e1rea trabajando y causando mucho da\u00f1o con la excusa de que realizan \u201cestudios\u201d.<\/p>\n\n\n\n<p>Condenan que la Empresa de Generaci\u00f3n Hidroel\u00e9ctrica Dominicana (EGEHID) y la Gobernaci\u00f3n de Santiago, se hayan dedicado a sobornar campesinos y directores de distritos municipales ofreci\u00e9ndoles obras, como carreteras, funerarias y acueductos debido al alto nivel de rechazo que hay contra la construcci\u00f3n.<\/p>\n\n\n\n<p>Los serranos han fortalecido su lucha contra la presa en manifestaciones que iniciaron en la comunidad Los Guayabales de Juncalito, los municipios de J\u00e1nico y San Jos\u00e9 de las Matas, un piquete al presidente Luis Abinader en NYC en septiembre pasado, y un funeral p\u00fablico por los r\u00edos en el Parque Duarte de Santiago <\/p>\n","protected":false},"excerpt":{"rendered":"<p>Por Ram\u00f3n Mercedes NUEVA YORK.-&nbsp;M\u00e1s de 200 dominicanos residentes en esta ciudad, procedentes de la Cordillera Central en el municipio de San Jos\u00e9 de las Matas-Santiago, realizaron una concentraci\u00f3n este domingo en Long Island para protestar contra la construcci\u00f3n de la presa \u201cHidroel\u00e9ctrica Las Placetas\u201d. Los serranos afirman que dicha presa terminar\u00eda borrando los r\u00edos [&hellip;]<\/p>\n","protected":false},"author":7,"featured_media":306926,"comment_status":"closed","ping_status":"","sticky":true,"template":"","format":"standard","meta":{"footnotes":""},"categories":[23,27],"tags":[],"class_list":["post-306864","post","type-post","status-publish","format-standard","has-post-thumbnail","hentry","category-internacional","category-portada"],"_links":{"self":[{"href":"https:\/\/diariodominicano.com\/index.php?rest_route=\/wp\/v2\/posts\/306864","targetHints":{"allow":["GET"]}}],"collection":[{"href":"https:\/\/diariodominicano.com\/index.php?rest_route=\/wp\/v2\/posts"}],"about":[{"href":"https:\/\/diariodominicano.com\/index.php?rest_route=\/wp\/v2\/types\/post"}],"author":[{"embeddable":true,"href":"https:\/\/diariodominicano.com\/index.php?rest_route=\/wp\/v2\/users\/7"}],"replies":[{"embeddable":true,"href":"https:\/\/diariodominicano.com\/index.php?rest_route=%2Fwp%2Fv2%2Fcomments&post=306864"}],"version-history":[{"count":2,"href":"https:\/\/diariodominicano.com\/index.php?rest_route=\/wp\/v2\/posts\/306864\/revisions"}],"predecessor-version":[{"id":306938,"href":"https:\/\/diariodominicano.com\/index.php?rest_route=\/wp\/v2\/posts\/306864\/revisions\/306938"}],"wp:featuredmedia":[{"embeddable":true,"href":"https:\/\/diariodominicano.com\/index.php?rest_route=\/wp\/v2\/media\/306926"}],"wp:attachment":[{"href":"https:\/\/diariodominicano.com\/index.php?rest_route=%2Fwp%2Fv2%2Fmedia&parent=306864"}],"wp:term":[{"taxonomy":"category","embeddable":true,"href":"https:\/\/diariodominicano.com\/index.php?rest_route=%2Fwp%2Fv2%2Fcategories&post=306864"},{"taxonomy":"post_tag","embeddable":true,"href":"https:\/\/diariodominicano.com\/index.php?rest_route=%2Fwp%2Fv2%2Ftags&post=306864"}],"curies":[{"name":"wp","href":"https:\/\/api.w.org\/{rel}","templated":true}]}}