{"id":306816,"date":"2021-11-08T17:26:06","date_gmt":"2021-11-08T21:26:06","guid":{"rendered":"http:\/\/diariodominicano.com\/?p=306816"},"modified":"2021-11-08T17:26:06","modified_gmt":"2021-11-08T21:26:06","slug":"asoboxa-y-fedoboxa-juramentaran-comite-organizador-xl-copa-independencia-boxeo-internacional","status":"publish","type":"post","link":"https:\/\/diariodominicano.com\/?p=306816","title":{"rendered":"ASOBOXA y FEDOBOXA juramentar\u00e1n Comit\u00e9 Organizador\u00a0XL Copa Independencia Boxeo Internacional"},"content":{"rendered":"\n<p>El dirigente deportivo Ariel Acosta <\/p>\n\n\n\n<p><strong>(OSCAR POLANCO)<\/strong><\/p>\n\n\n\n<p><\/p>\n\n\n\n<p><\/p>\n\n\n\n<p><\/p>\n\n\n\n<p><\/p>\n\n\n\n<p><strong>SANTIAGO DE LOS CABALLEROS, Santiago, Rep\u00fablica Dominicana, 8 de noviembre de 2021.-<\/strong>\u00a0La Asociaci\u00f3n de Boxeo de Santiago (ASOBOXA) y la federaci\u00f3n dominicana de ese deporte (FEDOBOXA, juramentar\u00e1n el Comit\u00e9 Organizador de la XL Copa Independencia de Boxeo Internacional, este mi\u00e9rcoles 10 de noviembre a las 12 del mediod\u00eda, en el sal\u00f3n Juan Pablo Duarte, del palacio de la Gobernaci\u00f3n Provincial.<\/p>\n\n\n\n<p><strong>E<\/strong>l dirigente clubil y deportivo, se\u00f1or Ariel Acosta, quien ofreci\u00f3 la informaci\u00f3n dijo que est\u00e1 circulando la invitaci\u00f3n y que las comisiones encargadas de los diversos renglones las est\u00e1n distribuyendo, de igual manera, para los periodistas y dependencias de prensa, se hacen a trav\u00e9s de la direcci\u00f3n de comunicaci\u00f3n y prensa.<\/p>\n\n\n\n<p><strong>S<\/strong>obre el acto, dijo que, la juramentaci\u00f3n estar\u00e1 a cargo de la FEDOBOXA que preside el se\u00f1or Rub\u00e9n Garc\u00eda, asegurando la participaci\u00f3n del dirigente nacional e internacional, Domingo Solano y otras autoridades deportivas, civiles, militares y policiales<\/p>\n\n\n\n<p><strong>A<\/strong>ll\u00ed, a partir de las 12 meridiano, adem\u00e1s de la juramentaci\u00f3n, se dar\u00e1 a conocer a los componentes del Comit\u00e9 Organizador completo, entre ellos el presidente del mismo, ingeniero Andr\u00e9s Cueto, gerente general de EDENORTE; la directora general, Rosa Santos, gobernadora provincial; ingeniero Andr\u00e9s Burgos, director general de CORAASAN y otros.<\/p>\n\n\n\n<p><strong>E<\/strong>l se\u00f1or Acosta, dio a conocer a los periodistas, deportivos, sociales y generales, as\u00ed como a los medios de prensa que, todos est\u00e1s invitados, dando a conocer que junto a esta comunicaci\u00f3n recibir\u00e1n las invitaciones.<\/p>\n\n\n\n<p><\/p>\n\n\n\n<p><\/p>\n","protected":false},"excerpt":{"rendered":"<p>El dirigente deportivo Ariel Acosta (OSCAR POLANCO) SANTIAGO DE LOS CABALLEROS, Santiago, Rep\u00fablica Dominicana, 8 de noviembre de 2021.-\u00a0La Asociaci\u00f3n de Boxeo de Santiago (ASOBOXA) y la federaci\u00f3n dominicana de ese deporte (FEDOBOXA, juramentar\u00e1n el Comit\u00e9 Organizador de la XL Copa Independencia de Boxeo Internacional, este mi\u00e9rcoles 10 de noviembre a las 12 del mediod\u00eda, [&hellip;]<\/p>\n","protected":false},"author":2,"featured_media":306817,"comment_status":"closed","ping_status":"","sticky":true,"template":"","format":"standard","meta":{"footnotes":""},"categories":[17,27],"tags":[],"class_list":["post-306816","post","type-post","status-publish","format-standard","has-post-thumbnail","hentry","category-deportes","category-portada"],"_links":{"self":[{"href":"https:\/\/diariodominicano.com\/index.php?rest_route=\/wp\/v2\/posts\/306816","targetHints":{"allow":["GET"]}}],"collection":[{"href":"https:\/\/diariodominicano.com\/index.php?rest_route=\/wp\/v2\/posts"}],"about":[{"href":"https:\/\/diariodominicano.com\/index.php?rest_route=\/wp\/v2\/types\/post"}],"author":[{"embeddable":true,"href":"https:\/\/diariodominicano.com\/index.php?rest_route=\/wp\/v2\/users\/2"}],"replies":[{"embeddable":true,"href":"https:\/\/diariodominicano.com\/index.php?rest_route=%2Fwp%2Fv2%2Fcomments&post=306816"}],"version-history":[{"count":1,"href":"https:\/\/diariodominicano.com\/index.php?rest_route=\/wp\/v2\/posts\/306816\/revisions"}],"predecessor-version":[{"id":306818,"href":"https:\/\/diariodominicano.com\/index.php?rest_route=\/wp\/v2\/posts\/306816\/revisions\/306818"}],"wp:featuredmedia":[{"embeddable":true,"href":"https:\/\/diariodominicano.com\/index.php?rest_route=\/wp\/v2\/media\/306817"}],"wp:attachment":[{"href":"https:\/\/diariodominicano.com\/index.php?rest_route=%2Fwp%2Fv2%2Fmedia&parent=306816"}],"wp:term":[{"taxonomy":"category","embeddable":true,"href":"https:\/\/diariodominicano.com\/index.php?rest_route=%2Fwp%2Fv2%2Fcategories&post=306816"},{"taxonomy":"post_tag","embeddable":true,"href":"https:\/\/diariodominicano.com\/index.php?rest_route=%2Fwp%2Fv2%2Ftags&post=306816"}],"curies":[{"name":"wp","href":"https:\/\/api.w.org\/{rel}","templated":true}]}}