{"id":306793,"date":"2021-11-08T16:34:50","date_gmt":"2021-11-08T20:34:50","guid":{"rendered":"http:\/\/diariodominicano.com\/?p=306793"},"modified":"2021-11-08T16:38:44","modified_gmt":"2021-11-08T20:38:44","slug":"aba-y-visa-suscriben-acuerdo-de-cooperacion","status":"publish","type":"post","link":"https:\/\/diariodominicano.com\/?p=306793","title":{"rendered":"ABA y VISA suscriben acuerdo de cooperaci\u00f3n"},"content":{"rendered":"\n<p>Rosanna Ruiz, presidenta de la ABA y  Sof\u00eda Antor, gerente general de Visa Rep\u00fablica Dominicana, en el momento de la firma del acuerdo.<\/p>\n\n\n\n<p><em>El convenio abarca programas de capacitaci\u00f3n, entrenamiento y formaci\u00f3n, a trav\u00e9s de charlas, cursos, conferencias, seminarios, talleres y otros encuentros acad\u00e9micos.<\/em><\/p>\n\n\n\n<p><strong>Santo Domingo, Rep. Dom.-<\/strong>&nbsp;La Asociaci\u00f3n de Bancos M\u00faltiples de la Rep\u00fablica Dominicana (ABA) y la empresa Visa suscribieron un convenio de cooperaci\u00f3n interinstitucional que busca reforzar la formaci\u00f3n de colaboradores del sistema financiero y del p\u00fablico en general sobre las diferentes instancias de negocio y operaci\u00f3n de la industria de pagos digitales.<\/p>\n\n\n\n<p><strong>El acuerdo fue firmado por Rosanna Ruiz, presidenta de la ABA y Sof\u00eda Antor, gerente general de Visa Rep\u00fablica Dominicana, con el fin de\u00a0unir esfuerzos para desarrollar iniciativas conjuntas con miras a impulsar mayores capacidades y conocimientos entre los miembros de la organizaci\u00f3n.<\/strong><\/p>\n\n\n\n<p>\u201cPara la ABA es un honor establecer esta alianza que permitir\u00e1 realizar actividades formativas en lo relativo a nuestras respectivas \u00e1reas de competencia, fomentar las mejores pr\u00e1cticas y motorizar la innovaci\u00f3n, y continuar la colaboraci\u00f3n entre la banca y las empresas Fintech\u201d, expres\u00f3 la presidenta de la ABA.<\/p>\n\n\n\n<p>De su lado, la Gerente General de Visa Rep\u00fablica Dominicana sostuvo que \u201cal trabajar de la mano con la ABA, continuamos nuestra misi\u00f3n de apoyar a uno de los gremios m\u00e1s importantes para el sector financiero del pa\u00eds\u201d.&nbsp; Afirm\u00f3, asimismo, que el objetivo es agregar valor y contribuir al fortalecimiento del sistema financiero dominicano a trav\u00e9s de capacitaciones y transferencia de conocimiento con expertos de Visa a nivel global que permita avanzar e impulsar a\u00fan m\u00e1s la agenda de innovaci\u00f3n en dicho sector.<\/p>\n\n\n\n<p>El convenio abarca programas de capacitaci\u00f3n, entrenamiento y formaci\u00f3n, a trav\u00e9s de charlas, cursos, conferencias, seminarios, talleres y otros encuentros acad\u00e9micos que permitan espacios para la discusi\u00f3n, el intercambio de experiencias y el desarrollo de conocimientos.<\/p>\n\n\n\n<p><strong>Direcci\u00f3n de Comunicaciones<\/strong><\/p>\n\n\n\n<p>8 de noviembre 2021<\/p>\n","protected":false},"excerpt":{"rendered":"<p>Rosanna Ruiz, presidenta de la ABA y Sof\u00eda Antor, gerente general de Visa Rep\u00fablica Dominicana, en el momento de la firma del acuerdo. El convenio abarca programas de capacitaci\u00f3n, entrenamiento y formaci\u00f3n, a trav\u00e9s de charlas, cursos, conferencias, seminarios, talleres y otros encuentros acad\u00e9micos. Santo Domingo, Rep. Dom.-&nbsp;La Asociaci\u00f3n de Bancos M\u00faltiples de la Rep\u00fablica [&hellip;]<\/p>\n","protected":false},"author":2,"featured_media":306794,"comment_status":"closed","ping_status":"","sticky":true,"template":"","format":"standard","meta":{"footnotes":""},"categories":[18,27],"tags":[],"class_list":["post-306793","post","type-post","status-publish","format-standard","has-post-thumbnail","hentry","category-economia","category-portada"],"_links":{"self":[{"href":"https:\/\/diariodominicano.com\/index.php?rest_route=\/wp\/v2\/posts\/306793","targetHints":{"allow":["GET"]}}],"collection":[{"href":"https:\/\/diariodominicano.com\/index.php?rest_route=\/wp\/v2\/posts"}],"about":[{"href":"https:\/\/diariodominicano.com\/index.php?rest_route=\/wp\/v2\/types\/post"}],"author":[{"embeddable":true,"href":"https:\/\/diariodominicano.com\/index.php?rest_route=\/wp\/v2\/users\/2"}],"replies":[{"embeddable":true,"href":"https:\/\/diariodominicano.com\/index.php?rest_route=%2Fwp%2Fv2%2Fcomments&post=306793"}],"version-history":[{"count":4,"href":"https:\/\/diariodominicano.com\/index.php?rest_route=\/wp\/v2\/posts\/306793\/revisions"}],"predecessor-version":[{"id":306798,"href":"https:\/\/diariodominicano.com\/index.php?rest_route=\/wp\/v2\/posts\/306793\/revisions\/306798"}],"wp:featuredmedia":[{"embeddable":true,"href":"https:\/\/diariodominicano.com\/index.php?rest_route=\/wp\/v2\/media\/306794"}],"wp:attachment":[{"href":"https:\/\/diariodominicano.com\/index.php?rest_route=%2Fwp%2Fv2%2Fmedia&parent=306793"}],"wp:term":[{"taxonomy":"category","embeddable":true,"href":"https:\/\/diariodominicano.com\/index.php?rest_route=%2Fwp%2Fv2%2Fcategories&post=306793"},{"taxonomy":"post_tag","embeddable":true,"href":"https:\/\/diariodominicano.com\/index.php?rest_route=%2Fwp%2Fv2%2Ftags&post=306793"}],"curies":[{"name":"wp","href":"https:\/\/api.w.org\/{rel}","templated":true}]}}