{"id":306766,"date":"2021-11-08T13:01:04","date_gmt":"2021-11-08T17:01:04","guid":{"rendered":"http:\/\/diariodominicano.com\/?p=306766"},"modified":"2021-11-08T13:01:04","modified_gmt":"2021-11-08T17:01:04","slug":"cuba-comienza-a-aplicar-dosis-de-refuerzo-contra-covid-19","status":"publish","type":"post","link":"https:\/\/diariodominicano.com\/?p=306766","title":{"rendered":"Cuba comienza a aplicar dosis de refuerzo contra COVID-19"},"content":{"rendered":"\n<p>diariodominicano.com<a rel=\"noreferrer noopener\" href=\"https:\/\/www.xinhua-news.com\/gdsdetailxhs\/share\/10582258-?pageflag=iframe\" target=\"_blank\"><\/a><\/p>\n\n\n\n<pre id=\"text-news-description\" class=\"wp-block-preformatted\">   LA HABANA, 8 nov (Xinhua) -- Las autoridades sanitarias cubanas comenzaron hoy lunes la aplicaci\u00f3n de la dosis de refuerzo de la vacuna contra la enfermedad del nuevo coronavirus (COVID-19) en cuatro municipios de La Habana, con la intenci\u00f3n de aumentar de manera gradual la inmunizaci\u00f3n, confirm\u00f3 el gobierno cubano.\n   Trabajadores de la salud y del estatal grupo empresarial BioCubaFarma ser\u00e1n los primeros en recibir las dosis de Soberana Plus, una de las cinco vacunas contra la COVID-19 desarrolladas en Cuba.\n   La directora de Investigaciones del Instituto Finlay de Vacunas, Dagmar Garc\u00eda, destac\u00f3 a la prensa local la favorable duraci\u00f3n de la respuesta en las personas vacunadas, adem\u00e1s de que son positivos los resultados del refuerzo incluso con otras vacunas.\n   Las autoridades sanitarias esperan para finales de este mes comenzar a reforzar con la vacuna a la poblaci\u00f3n en general, tambi\u00e9n en la Habana, pero con el inyectable Abdala, otro de los desarrollados en Cuba.\n   En el pa\u00eds est\u00e1 en marcha un acelerado proceso de inmunizaci\u00f3n contra la COVID-19, mediante el cual se ha vacunado hasta ahora a m\u00e1s del 68 por ciento de los 11,2 millones de cubanos con la aplicaci\u00f3n de las correspondientes tres dosis de las vacunas cubanas Abdala, Soberana-02 y Soberana Plus, seg\u00fan datos del Ministerio de Salud P\u00fablica.\n   La cartera sanitaria report\u00f3 este lunes 471 casos y tres muertes por la COVID-19 en la \u00faltima jornada, para un acumulado de 956.452 contagios y 8.265 decesos desde el inicio de la pandemia en el pa\u00eds. <\/pre>\n","protected":false},"excerpt":{"rendered":"<p>diariodominicano.com LA HABANA, 8 nov (Xinhua) &#8212; Las autoridades sanitarias cubanas comenzaron hoy lunes la aplicaci\u00f3n de la dosis de refuerzo de la vacuna contra la enfermedad del nuevo coronavirus (COVID-19) en cuatro municipios de La Habana, con la intenci\u00f3n de aumentar de manera gradual la inmunizaci\u00f3n, confirm\u00f3 el gobierno cubano. Trabajadores de la salud [&hellip;]<\/p>\n","protected":false},"author":5,"featured_media":306767,"comment_status":"closed","ping_status":"","sticky":true,"template":"","format":"standard","meta":{"footnotes":""},"categories":[23,27],"tags":[],"class_list":["post-306766","post","type-post","status-publish","format-standard","has-post-thumbnail","hentry","category-internacional","category-portada"],"_links":{"self":[{"href":"https:\/\/diariodominicano.com\/index.php?rest_route=\/wp\/v2\/posts\/306766","targetHints":{"allow":["GET"]}}],"collection":[{"href":"https:\/\/diariodominicano.com\/index.php?rest_route=\/wp\/v2\/posts"}],"about":[{"href":"https:\/\/diariodominicano.com\/index.php?rest_route=\/wp\/v2\/types\/post"}],"author":[{"embeddable":true,"href":"https:\/\/diariodominicano.com\/index.php?rest_route=\/wp\/v2\/users\/5"}],"replies":[{"embeddable":true,"href":"https:\/\/diariodominicano.com\/index.php?rest_route=%2Fwp%2Fv2%2Fcomments&post=306766"}],"version-history":[{"count":1,"href":"https:\/\/diariodominicano.com\/index.php?rest_route=\/wp\/v2\/posts\/306766\/revisions"}],"predecessor-version":[{"id":306768,"href":"https:\/\/diariodominicano.com\/index.php?rest_route=\/wp\/v2\/posts\/306766\/revisions\/306768"}],"wp:featuredmedia":[{"embeddable":true,"href":"https:\/\/diariodominicano.com\/index.php?rest_route=\/wp\/v2\/media\/306767"}],"wp:attachment":[{"href":"https:\/\/diariodominicano.com\/index.php?rest_route=%2Fwp%2Fv2%2Fmedia&parent=306766"}],"wp:term":[{"taxonomy":"category","embeddable":true,"href":"https:\/\/diariodominicano.com\/index.php?rest_route=%2Fwp%2Fv2%2Fcategories&post=306766"},{"taxonomy":"post_tag","embeddable":true,"href":"https:\/\/diariodominicano.com\/index.php?rest_route=%2Fwp%2Fv2%2Ftags&post=306766"}],"curies":[{"name":"wp","href":"https:\/\/api.w.org\/{rel}","templated":true}]}}