{"id":306763,"date":"2021-11-08T12:49:35","date_gmt":"2021-11-08T16:49:35","guid":{"rendered":"http:\/\/diariodominicano.com\/?p=306763"},"modified":"2021-11-08T12:49:35","modified_gmt":"2021-11-08T16:49:35","slug":"margarita-cedeno-sera-jefa-mision-de-observadores-electorales-en-honduras","status":"publish","type":"post","link":"https:\/\/diariodominicano.com\/?p=306763","title":{"rendered":"Margarita Cede\u00f1o ser\u00e1 jefa misi\u00f3n de observadores electorales en Honduras"},"content":{"rendered":"\n<p>diariodominicano.com<\/p>\n\n\n\n<p><em>Las elecciones generales de ese pa\u00eds centroamericano se realizar\u00e1n el domingo 28 de noviembre<\/em><\/p>\n\n\n\n<p>Santo Domingo, R. D., 8 de noviembre, 2021.-  La ex vicepresidenta de la Rep\u00fablica, doctora Margarita Cede\u00f1o, ser\u00e1 jefa de observadores en las elecciones generales en Honduras, a realizarse el pr\u00f3ximo 28 de noviembre.<\/p>\n\n\n\n<p>La doctora Margarita Cede\u00f1o estar\u00e1 del 25 al 30 de este mes desarrollando esa tarea en el pa\u00eds centroamericano, invitada por el Observatorio Electoral de la Conferencia Permanente de Partidos Pol\u00edticos de Am\u00e9rica Latina y el Caribe.<\/p>\n\n\n\n<p>La dos veces vicepresidenta de la Rep\u00fablica coincide con el prop\u00f3sito de ese observatorio que propone, a trav\u00e9s de sus misiones de observaci\u00f3n electoral, la realizaci\u00f3n de informes t\u00e9cnicos que sirvan de instrumento a los pa\u00edses y sus instituciones para seguir fortaleciendo su sistema electoral y democr\u00e1tico.<\/p>\n\n\n\n<p>La invitaci\u00f3n girada a Cede\u00f1o se\u00f1ala que esa instancia trabaja para fortalecer la democracia en la regi\u00f3n, y asume desde sus estatutos luchar por una democracia que garantice la participaci\u00f3n de las mayor\u00edas y las minor\u00edas, el derecho pleno a la participaci\u00f3n pol\u00edtica y el respeto a la diversidad ideol\u00f3gica.<\/p>\n\n\n\n<p>Cede\u00f1o es c\u00f3nsona a los pilares de esa instituci\u00f3n relativos a la participaci\u00f3n pol\u00edtica de las mujeres en la regi\u00f3n y abonar a la construcci\u00f3n de democracias paritarias.<\/p>\n\n\n\n<p>Asimismo, al monitoreo de participaci\u00f3n pol\u00edtica de las mujeres y disidencias en lugares con poder de decisi\u00f3n, el cumplimiento de las normativas de cupo y paridad y la generaci\u00f3n de protocolos para una efectiva participaci\u00f3n pol\u00edtica de las mujeres sin violencia por razones de g\u00e9nero, campo en el que la doctora Cede\u00f1o ha trabajado las \u00faltimas dos d\u00e9cadas.<\/p>\n\n\n\n<p>Fuente:  <strong>Justo Maracallo<\/strong><\/p>\n","protected":false},"excerpt":{"rendered":"<p>diariodominicano.com Las elecciones generales de ese pa\u00eds centroamericano se realizar\u00e1n el domingo 28 de noviembre Santo Domingo, R. D., 8 de noviembre, 2021.- La ex vicepresidenta de la Rep\u00fablica, doctora Margarita Cede\u00f1o, ser\u00e1 jefa de observadores en las elecciones generales en Honduras, a realizarse el pr\u00f3ximo 28 de noviembre. La doctora Margarita Cede\u00f1o estar\u00e1 del [&hellip;]<\/p>\n","protected":false},"author":5,"featured_media":306764,"comment_status":"closed","ping_status":"","sticky":true,"template":"","format":"standard","meta":{"footnotes":""},"categories":[22,27],"tags":[],"class_list":["post-306763","post","type-post","status-publish","format-standard","has-post-thumbnail","hentry","category-politica","category-portada"],"_links":{"self":[{"href":"https:\/\/diariodominicano.com\/index.php?rest_route=\/wp\/v2\/posts\/306763","targetHints":{"allow":["GET"]}}],"collection":[{"href":"https:\/\/diariodominicano.com\/index.php?rest_route=\/wp\/v2\/posts"}],"about":[{"href":"https:\/\/diariodominicano.com\/index.php?rest_route=\/wp\/v2\/types\/post"}],"author":[{"embeddable":true,"href":"https:\/\/diariodominicano.com\/index.php?rest_route=\/wp\/v2\/users\/5"}],"replies":[{"embeddable":true,"href":"https:\/\/diariodominicano.com\/index.php?rest_route=%2Fwp%2Fv2%2Fcomments&post=306763"}],"version-history":[{"count":1,"href":"https:\/\/diariodominicano.com\/index.php?rest_route=\/wp\/v2\/posts\/306763\/revisions"}],"predecessor-version":[{"id":306765,"href":"https:\/\/diariodominicano.com\/index.php?rest_route=\/wp\/v2\/posts\/306763\/revisions\/306765"}],"wp:featuredmedia":[{"embeddable":true,"href":"https:\/\/diariodominicano.com\/index.php?rest_route=\/wp\/v2\/media\/306764"}],"wp:attachment":[{"href":"https:\/\/diariodominicano.com\/index.php?rest_route=%2Fwp%2Fv2%2Fmedia&parent=306763"}],"wp:term":[{"taxonomy":"category","embeddable":true,"href":"https:\/\/diariodominicano.com\/index.php?rest_route=%2Fwp%2Fv2%2Fcategories&post=306763"},{"taxonomy":"post_tag","embeddable":true,"href":"https:\/\/diariodominicano.com\/index.php?rest_route=%2Fwp%2Fv2%2Ftags&post=306763"}],"curies":[{"name":"wp","href":"https:\/\/api.w.org\/{rel}","templated":true}]}}