{"id":306610,"date":"2021-11-07T21:28:32","date_gmt":"2021-11-08T01:28:32","guid":{"rendered":"http:\/\/diariodominicano.com\/?p=306610"},"modified":"2021-11-08T03:11:49","modified_gmt":"2021-11-08T07:11:49","slug":"fallece-luis-c-del-castillo-en-accidente-de-transito","status":"publish","type":"post","link":"https:\/\/diariodominicano.com\/?p=306610","title":{"rendered":"Fallece Luis C del Castillo en accidente de tr\u00e1nsito"},"content":{"rendered":"\n<p><strong>Por H\u00e9ctor Tineo Nolasco <\/strong><\/p>\n\n\n\n<p><strong>Sus&nbsp; restos fueron sepultados el d\u00eda 9 de noviembre en la ciudad de Santo Domingo. En el acto de despedida de sus restos, Germ\u00e1n Soriano, Arturo Logro\u00f1o, No\u00e9l Henr\u00edquez, Luis V. del Pino y el pol\u00edtico haitiano Jolibois Filis, destacaron sus cualidades morales, de servicio y patri\u00f3ticas. <\/strong><\/p>\n\n\n\n<p>&nbsp;<strong>SANTO DOMINGO, el 8 de noviembre de 1927<\/strong>, falleci\u00f3 en un accidente de tr\u00e1nsito el licenciado Luis Conrado del Castillo y Rodr\u00edguez Obj\u00edo. Naci\u00f3 en 1888, hijo de Luis Tem\u00edstocles del Castillo y Dolores Rodr\u00edguez Obj\u00edo.<\/p>\n\n\n\n<p>Sus&nbsp; restos fueron sepultados el d\u00eda 9 de noviembre en la ciudad de Santo Domingo. En el acto de despedida de sus restos, Germ\u00e1n Soriano, Arturo Logro\u00f1o, No\u00e9l Henr\u00edquez, Luis V. del Pino y el pol\u00edtico haitiano Jolibois Filis, destacaron sus cualidades morales, de servicio y patri\u00f3ticas.<\/p>\n\n\n\n<p>&nbsp;<strong>Jolibois Filis, luchaba por la salida de Hait\u00ed de las fuerzas militares de Estados Unidos, que invadieron la Rep\u00fablica de Hait\u00ed en 1915.<\/strong><\/p>\n\n\n\n<p>De la personalidad de Luis C del Castillo, el historiador Jos\u00e9 Antonio N\u00fa\u00f1ez Fern\u00e1ndez&nbsp; sostiene el criterio de que Del Castillo era de la misma contextura civilista de Francisco Gregorio Billini, Ullises Francisco Espaillat, Santiago Guzm\u00e1n Espaillat y Eugenio Deschamps de Pe\u00f1a y Reinoso.<\/p>\n\n\n\n<p>El accidente se produjo la tarde del 8 de noviembre de 1927, en el kil\u00f3metro siete y medio de la antigua carretera Duarte, frente al paraje Gal\u00e1. Del Castillo Iba acompa\u00f1ado de su madre Dolores Rodr\u00edguez Obj\u00edo y de los ni\u00f1os Bienvenido del Castillo y&nbsp; Guaroa Desangles del Castillo.<\/p>\n\n\n\n<p>Viajaban en el carro Chevrolet placa 506, conducido por Luis Castro, quien &nbsp;al pasar por el centro de la v\u00eda con dos camiones estacionados de manera paralela choc\u00f3 con&nbsp; uno de los dos veh\u00edculos que transportaba una carga de tubos y varillas.<\/p>\n\n\n\n<p>&nbsp;&nbsp;&nbsp;&nbsp;&nbsp; Luis C. del Castillo se destac\u00f3 como abogado, escritor, orador y pol\u00edtico. Fue una de las voces que defendieron el pensamiento liberal y se opuso en el a\u00f1o 1916 a la primera&nbsp; intervenci\u00f3n militar de Estados Unidos contra la Rep\u00fablica Dominicana.<\/p>\n\n\n\n<p>&nbsp;&nbsp;&nbsp; <strong>El historiador Rufino Mart\u00ednez afirma que Luis C. del Castillo \u201cFue uno de los j\u00f3venes campeones de aquellas avanzadas ideas de liberalismo, que, dentro del Partido Horacista, pugn\u00f3 por imponer reformas legislativas garantizadoras de las libertades p\u00fablicas despu\u00e9s del sangriento a\u00f1o 1912.<\/strong><\/p>\n\n\n\n<p>&nbsp;&nbsp;&nbsp; \u201cDe ese grupo llamado Liberal Reformista, fue el m\u00e1s notable producto, por su inalterable consecuencia con la orientaci\u00f3n de su programa&nbsp; a trav\u00e9s de las alternativas pol\u00edticas de unos 15 a\u00f1os\u201d.<\/p>\n\n\n\n<p><strong>&nbsp;&nbsp; Por su lucha contra la violaci\u00f3n de la soberan\u00eda nacional, fue detenido en varias ocasiones.<\/strong><\/p>\n\n\n\n<p>&nbsp;&nbsp;&nbsp; Escribi\u00f3 para peri\u00f3dicos y revistas de la ciudad de Santo Domingo y poblaciones de provincias.<\/p>\n\n\n\n<p>&nbsp;&nbsp;&nbsp; Luis C. del Castillo es autor de la obra \u201cManual de Instrucci\u00f3n Moral y C\u00edvica\u201d, cuya primera edici\u00f3n se public\u00f3 en el a\u00f1o 1922.<\/p>\n\n\n\n<p>&nbsp;&nbsp;&nbsp; Luis C. del Castillo naci\u00f3&nbsp; en el sector capitalino de San Carlos en 1888.<\/p>\n\n\n\n<p>&nbsp;&nbsp;&nbsp; Su muerte en el accidente de tr\u00e1nsito el 8 de noviembre de 1927, constituy\u00f3 un acontecimiento de pesar en la ciudad de Santo Domingo.<\/p>\n","protected":false},"excerpt":{"rendered":"<p>Por H\u00e9ctor Tineo Nolasco Sus&nbsp; restos fueron sepultados el d\u00eda 9 de noviembre en la ciudad de Santo Domingo. En el acto de despedida de sus restos, Germ\u00e1n Soriano, Arturo Logro\u00f1o, No\u00e9l Henr\u00edquez, Luis V. del Pino y el pol\u00edtico haitiano Jolibois Filis, destacaron sus cualidades morales, de servicio y patri\u00f3ticas. &nbsp;SANTO DOMINGO, el 8 [&hellip;]<\/p>\n","protected":false},"author":2,"featured_media":306652,"comment_status":"closed","ping_status":"","sticky":true,"template":"","format":"standard","meta":{"footnotes":""},"categories":[26,27],"tags":[],"class_list":["post-306610","post","type-post","status-publish","format-standard","has-post-thumbnail","hentry","category-efemerides","category-portada"],"_links":{"self":[{"href":"https:\/\/diariodominicano.com\/index.php?rest_route=\/wp\/v2\/posts\/306610","targetHints":{"allow":["GET"]}}],"collection":[{"href":"https:\/\/diariodominicano.com\/index.php?rest_route=\/wp\/v2\/posts"}],"about":[{"href":"https:\/\/diariodominicano.com\/index.php?rest_route=\/wp\/v2\/types\/post"}],"author":[{"embeddable":true,"href":"https:\/\/diariodominicano.com\/index.php?rest_route=\/wp\/v2\/users\/2"}],"replies":[{"embeddable":true,"href":"https:\/\/diariodominicano.com\/index.php?rest_route=%2Fwp%2Fv2%2Fcomments&post=306610"}],"version-history":[{"count":2,"href":"https:\/\/diariodominicano.com\/index.php?rest_route=\/wp\/v2\/posts\/306610\/revisions"}],"predecessor-version":[{"id":306653,"href":"https:\/\/diariodominicano.com\/index.php?rest_route=\/wp\/v2\/posts\/306610\/revisions\/306653"}],"wp:featuredmedia":[{"embeddable":true,"href":"https:\/\/diariodominicano.com\/index.php?rest_route=\/wp\/v2\/media\/306652"}],"wp:attachment":[{"href":"https:\/\/diariodominicano.com\/index.php?rest_route=%2Fwp%2Fv2%2Fmedia&parent=306610"}],"wp:term":[{"taxonomy":"category","embeddable":true,"href":"https:\/\/diariodominicano.com\/index.php?rest_route=%2Fwp%2Fv2%2Fcategories&post=306610"},{"taxonomy":"post_tag","embeddable":true,"href":"https:\/\/diariodominicano.com\/index.php?rest_route=%2Fwp%2Fv2%2Ftags&post=306610"}],"curies":[{"name":"wp","href":"https:\/\/api.w.org\/{rel}","templated":true}]}}