{"id":306575,"date":"2021-11-07T19:25:50","date_gmt":"2021-11-07T23:25:50","guid":{"rendered":"http:\/\/diariodominicano.com\/?p=306575"},"modified":"2021-11-07T19:25:50","modified_gmt":"2021-11-07T23:25:50","slug":"rey-de-jordania-denuncia-intento-de-asesinato-en-irak","status":"publish","type":"post","link":"https:\/\/diariodominicano.com\/?p=306575","title":{"rendered":"Rey de Jordania denuncia intento de asesinato en Irak"},"content":{"rendered":"\n<p>diariodominicano.com<a rel=\"noreferrer noopener\" href=\"https:\/\/www.xinhua-news.com\/gdsdetailxhs\/share\/10577874-?pageflag=iframe\" target=\"_blank\"><\/a><\/p>\n\n\n\n<pre id=\"text-news-description\" class=\"wp-block-preformatted\">   AM\u00c1N, 7 nov (Xinhua) -- El rey Abdullah II de Jordania conden\u00f3 hoy domingo el intento de asesinato en Irak durante una llamada telef\u00f3nica con el primer ministro iraqu\u00ed, Mustafa al-Kadhimi.\n   El rey dijo que el intento ten\u00eda como objetivo amenazar la seguridad y la estabilidad de Irak, seg\u00fan un comunicado de la Corte Real.\n   Jordania se solidariza plenamente con Irak y su pueblo, apoya el fortalecimiento de la seguridad y la estabilidad y los esfuerzos del Gobierno iraqu\u00ed en la lucha contra el terrorismo, indic\u00f3.\n   El rey tambi\u00e9n elogi\u00f3 los s\u00f3lidos lazos entre los dos pa\u00edses y pueblos, y expres\u00f3 su deseo de intensificar la cooperaci\u00f3n en todos los campos.\n   Tambi\u00e9n hoy, el Ministerio de Relaciones Exteriores de Jordania conden\u00f3 el intento de asesinato.\n   La canciller\u00eda afirm\u00f3 la solidaridad del pa\u00eds con Irak y su pueblo y subray\u00f3 su apoyo inquebrantable a su seguridad y estabilidad, as\u00ed como a los esfuerzos del Gobierno iraqu\u00ed en la lucha contra el terrorismo.\n   Al-Kadhimi escap\u00f3 ileso de un intento de asesinato con un dron lleno de explosivos que aterriz\u00f3 en su residencia. El intento de asesinato tuvo lugar en medio de protestas de seguidores de partidos pol\u00edticos que rechazaron los resultados electorales del mes pasado.<\/pre>\n","protected":false},"excerpt":{"rendered":"<p>diariodominicano.com AM\u00c1N, 7 nov (Xinhua) &#8212; El rey Abdullah II de Jordania conden\u00f3 hoy domingo el intento de asesinato en Irak durante una llamada telef\u00f3nica con el primer ministro iraqu\u00ed, Mustafa al-Kadhimi. El rey dijo que el intento ten\u00eda como objetivo amenazar la seguridad y la estabilidad de Irak, seg\u00fan un comunicado de la Corte [&hellip;]<\/p>\n","protected":false},"author":5,"featured_media":306576,"comment_status":"closed","ping_status":"","sticky":true,"template":"","format":"standard","meta":{"footnotes":""},"categories":[23,27],"tags":[],"class_list":["post-306575","post","type-post","status-publish","format-standard","has-post-thumbnail","hentry","category-internacional","category-portada"],"_links":{"self":[{"href":"https:\/\/diariodominicano.com\/index.php?rest_route=\/wp\/v2\/posts\/306575","targetHints":{"allow":["GET"]}}],"collection":[{"href":"https:\/\/diariodominicano.com\/index.php?rest_route=\/wp\/v2\/posts"}],"about":[{"href":"https:\/\/diariodominicano.com\/index.php?rest_route=\/wp\/v2\/types\/post"}],"author":[{"embeddable":true,"href":"https:\/\/diariodominicano.com\/index.php?rest_route=\/wp\/v2\/users\/5"}],"replies":[{"embeddable":true,"href":"https:\/\/diariodominicano.com\/index.php?rest_route=%2Fwp%2Fv2%2Fcomments&post=306575"}],"version-history":[{"count":1,"href":"https:\/\/diariodominicano.com\/index.php?rest_route=\/wp\/v2\/posts\/306575\/revisions"}],"predecessor-version":[{"id":306577,"href":"https:\/\/diariodominicano.com\/index.php?rest_route=\/wp\/v2\/posts\/306575\/revisions\/306577"}],"wp:featuredmedia":[{"embeddable":true,"href":"https:\/\/diariodominicano.com\/index.php?rest_route=\/wp\/v2\/media\/306576"}],"wp:attachment":[{"href":"https:\/\/diariodominicano.com\/index.php?rest_route=%2Fwp%2Fv2%2Fmedia&parent=306575"}],"wp:term":[{"taxonomy":"category","embeddable":true,"href":"https:\/\/diariodominicano.com\/index.php?rest_route=%2Fwp%2Fv2%2Fcategories&post=306575"},{"taxonomy":"post_tag","embeddable":true,"href":"https:\/\/diariodominicano.com\/index.php?rest_route=%2Fwp%2Fv2%2Ftags&post=306575"}],"curies":[{"name":"wp","href":"https:\/\/api.w.org\/{rel}","templated":true}]}}