{"id":306568,"date":"2021-11-07T19:06:51","date_gmt":"2021-11-07T23:06:51","guid":{"rendered":"http:\/\/diariodominicano.com\/?p=306568"},"modified":"2021-11-07T20:15:40","modified_gmt":"2021-11-08T00:15:40","slug":"ex-ministro-de-defensa-de-espana-dice-policias-deben-sentirse-orgullosos-de-ser-parte-de-la-institucion-2","status":"publish","type":"post","link":"https:\/\/diariodominicano.com\/?p=306568","title":{"rendered":"Ex ministro de Defensa de Espa\u00f1a: \u201cpolic\u00edas deben sentirse orgullosos de ser parte de la instituci\u00f3n\u201d"},"content":{"rendered":"\n<p>diariodominicano.com<\/p>\n\n\n\n<p>Asesora comisi\u00f3n que trabaja en proceso de transformaci\u00f3n y profesionalizaci\u00f3n de la Polic\u00eda Nacional<\/p>\n\n\n\n<p>Santo Domingo, R. D.,  7 de noviembre, 2021.-  El ex ministro de Defensa de Espa\u00f1a y experto en temas de seguridad ciudadana, Don Jos\u00e9 Bono Mart\u00ednez, asumi\u00f3 los trabajos de asesor\u00eda dentro del programa de transformaci\u00f3n de la Polic\u00eda Nacional, y en especial en la formaci\u00f3n del personal, tal y como anunci\u00f3 el presidente de la Rep\u00fablica, Luis Abinader.<\/p>\n\n\n\n<p>La integraci\u00f3n de Bono Mart\u00ednez, nacionalizado dominicano por naturalizaci\u00f3n, al proceso de transformaci\u00f3n integral policial, se produjo durante una reuni\u00f3n de trabajo con el ministro de Interior y Polic\u00eda, Jes\u00fas V\u00e1squez Mart\u00ednez; el director de la Polic\u00eda, mayor general Eduardo Alberto Then y representantes de la comisi\u00f3n creada por el presidente Abinader para transformar la instituci\u00f3n del orden, integrada por el titular Servio Tulio Casta\u00f1os Guzm\u00e1n y Roberto Santana.<\/p>\n\n\n\n<p>En el desarrollo del encuentro, celebrado en la sede de la instituci\u00f3n del orden, se produjo un amplio y nutrido intercambio de experiencias de la doctrina policial y las buenas pr\u00e1cticas implementadas en Espa\u00f1a y otras naciones.&nbsp;<\/p>\n\n\n\n<p><strong>Orgulloso de ser polic\u00edas<\/strong><\/p>\n\n\n\n<p>\u201cUna parte vital en este proceso es lograr que los polic\u00edas se sientan orgullosos de ser parte de la instituci\u00f3n que representan\u201d, precis\u00f3 Bono Mart\u00ednez.&nbsp;<\/p>\n\n\n\n<div class=\"wp-block-image\"><figure class=\"alignright size-large is-resized\"><img loading=\"lazy\" decoding=\"async\" src=\"https:\/\/diariodominicano.com\/wp-content\/uploads\/2021\/11\/Ex-ministro-de-Defensa-de-Espana7-11-21-1024x682.jpg\" alt=\"\" class=\"wp-image-306570\" width=\"388\" height=\"257\" srcset=\"https:\/\/diariodominicano.com\/wp-content\/uploads\/2021\/11\/Ex-ministro-de-Defensa-de-Espana7-11-21-1024x682.jpg 1024w, https:\/\/diariodominicano.com\/wp-content\/uploads\/2021\/11\/Ex-ministro-de-Defensa-de-Espana7-11-21-300x200.jpg 300w\" sizes=\"auto, (max-width: 388px) 100vw, 388px\" \/><\/figure><\/div>\n\n\n\n<p>En lo referente al proceso de transformaci\u00f3n de la Polic\u00eda, dijo tener la firme convicci\u00f3n de que \u201cesta es la gran oportunidad de lograr las metas trazadas, ya que estoy seguro de la voluntad del presidente de la Rep\u00fablica, Luis Abinader\u201d.<\/p>\n\n\n\n<p>Durante el encuentro, Casta\u00f1os Guzm\u00e1n, coordinador de la comisi\u00f3n de transformaci\u00f3n y modernizaci\u00f3n de la Polic\u00eda Nacional, y Santana, coordinador del \u00e1rea acad\u00e9mica de este proceso, coincidieron en que se debe trabajar de manera ardua para superar uno de los principales males que aqueja a la instituci\u00f3n que es la capacitaci\u00f3n.<\/p>\n\n\n\n<p>Precisaron que trabajar\u00e1n desde las nueve escuelas de formaci\u00f3n con que cuenta la Polic\u00eda, en la formaci\u00f3n de agentes enfocandola para que tengan una misma visi\u00f3n de la perspectiva de la doctrina, tras afirmar que se crear\u00e1n consejos acad\u00e9micos y reforzar\u00e1n las labores de supervisi\u00f3n.<\/p>\n\n\n\n<p>Valoraron la integraci\u00f3n de Don Jos\u00e9 Bono Mart\u00ednez al proceso de transformaci\u00f3n integral policial, dada su vasta experiencia y la reputaci\u00f3n que le antecede por los resultados obtenidos.<\/p>\n\n\n\n<p><strong>Trayectoria impecable<\/strong><\/p>\n\n\n\n<p>De su lado, el ministro V\u00e1squez Mart\u00ednez resalt\u00f3 la trayectoria, respeto, experiencia de Bono Mart\u00ednez en materia de defensa y seguridad ciudadana.<\/p>\n\n\n\n<p>\u201cEs muy importante poder contar con los aportes de un profesional del \u00e1rea como Don Jos\u00e9 Bono Mart\u00ednez (Pepe). Estoy seguro que sus aportes ser\u00e1n de gran ayuda en el proceso de transformaci\u00f3n que vive la Polic\u00eda\u201d, dijo el ministro de Interior.<\/p>\n\n\n\n<p>En tanto que el mayor general Alberto Then dijo estar comprometido junto con los hombres y mujeres de buena voluntad lograremos los objetivos de transformaci\u00f3n de la Polic\u00eda Nacional, \u201cm\u00e1s a\u00fan me propongo realizar una polic\u00eda tal y como lo exigen los nuevos tiempos, que sea de proximidad con el ciudadano, pero tambi\u00e9n velar\u00e9 porque se respeten los derechos de las autoridades policiales, ya que, si no se respetan estos derechos, ser\u00e1 cuesta arriba garantizar los derechos de los ciudadanos\u201d.<\/p>\n\n\n\n<p><strong>Participantes<\/strong><\/p>\n\n\n\n<p>En la reuni\u00f3n de trabajo participaron, adem\u00e1s, el se\u00f1or V\u00edctor Benavides, jefe del Gabinete Ministerial del Ministerio de Interior, y los generales Orison Olivence Minaya, subdirector general; Claudio Peguero Castillo, Inspector, y Ernesto Rodr\u00edguez, director Central de Prevenci\u00f3n, entre otros.<\/p>\n\n\n\n<p>Fuente:  Departamento de Prensa<\/p>\n\n\n\n<p>Direcci\u00f3n&nbsp;de Comunicaciones&nbsp;Estrat\u00e9gicas<\/p>\n\n\n\n<p>Polic\u00eda Nacional Rep\u00fablica Dominicana<\/p>\n\n\n\n<figure class=\"wp-block-table\"><table><tbody><tr><td><strong>Prensa Policia Nacional<\/strong><\/td><\/tr><\/tbody><\/table><\/figure>\n","protected":false},"excerpt":{"rendered":"<p>diariodominicano.com Asesora comisi\u00f3n que trabaja en proceso de transformaci\u00f3n y profesionalizaci\u00f3n de la Polic\u00eda Nacional Santo Domingo, R. D., 7 de noviembre, 2021.- El ex ministro de Defensa de Espa\u00f1a y experto en temas de seguridad ciudadana, Don Jos\u00e9 Bono Mart\u00ednez, asumi\u00f3 los trabajos de asesor\u00eda dentro del programa de transformaci\u00f3n de la Polic\u00eda Nacional, [&hellip;]<\/p>\n","protected":false},"author":5,"featured_media":306569,"comment_status":"closed","ping_status":"","sticky":true,"template":"","format":"standard","meta":{"footnotes":""},"categories":[24,27],"tags":[],"class_list":["post-306568","post","type-post","status-publish","format-standard","has-post-thumbnail","hentry","category-justicia-y-derecho","category-portada"],"_links":{"self":[{"href":"https:\/\/diariodominicano.com\/index.php?rest_route=\/wp\/v2\/posts\/306568","targetHints":{"allow":["GET"]}}],"collection":[{"href":"https:\/\/diariodominicano.com\/index.php?rest_route=\/wp\/v2\/posts"}],"about":[{"href":"https:\/\/diariodominicano.com\/index.php?rest_route=\/wp\/v2\/types\/post"}],"author":[{"embeddable":true,"href":"https:\/\/diariodominicano.com\/index.php?rest_route=\/wp\/v2\/users\/5"}],"replies":[{"embeddable":true,"href":"https:\/\/diariodominicano.com\/index.php?rest_route=%2Fwp%2Fv2%2Fcomments&post=306568"}],"version-history":[{"count":2,"href":"https:\/\/diariodominicano.com\/index.php?rest_route=\/wp\/v2\/posts\/306568\/revisions"}],"predecessor-version":[{"id":306593,"href":"https:\/\/diariodominicano.com\/index.php?rest_route=\/wp\/v2\/posts\/306568\/revisions\/306593"}],"wp:featuredmedia":[{"embeddable":true,"href":"https:\/\/diariodominicano.com\/index.php?rest_route=\/wp\/v2\/media\/306569"}],"wp:attachment":[{"href":"https:\/\/diariodominicano.com\/index.php?rest_route=%2Fwp%2Fv2%2Fmedia&parent=306568"}],"wp:term":[{"taxonomy":"category","embeddable":true,"href":"https:\/\/diariodominicano.com\/index.php?rest_route=%2Fwp%2Fv2%2Fcategories&post=306568"},{"taxonomy":"post_tag","embeddable":true,"href":"https:\/\/diariodominicano.com\/index.php?rest_route=%2Fwp%2Fv2%2Ftags&post=306568"}],"curies":[{"name":"wp","href":"https:\/\/api.w.org\/{rel}","templated":true}]}}