{"id":306524,"date":"2021-11-07T15:24:08","date_gmt":"2021-11-07T19:24:08","guid":{"rendered":"http:\/\/diariodominicano.com\/?p=306524"},"modified":"2021-11-07T15:24:08","modified_gmt":"2021-11-07T19:24:08","slug":"miembro-pleno-defiende-responsabilidad-jce-en-el-registro-civil","status":"publish","type":"post","link":"https:\/\/diariodominicano.com\/?p=306524","title":{"rendered":"Miembro pleno defiende responsabilidad JCE en el registro civil"},"content":{"rendered":"\n<p><strong>SANTO DOMINGO, RD, 7 de noviembre de 2021. &#8211;<\/strong> La miembro titular del pleno de la Junta Central Electoral (JCE), Dolores Fern\u00e1ndez, defendi\u00f3 la responsabilidad que tiene esa instituci\u00f3n en el manejo del Registro Civil, al pronunciar una conferencia magistral, en el inicio de la maestr\u00eda en Derecho de Familia y Actos del Estado Civil que impartir\u00e1 la Escuela Nacional de Formaci\u00f3n Electoral y del Estado Civil (EFEC), en coordinaci\u00f3n con Universidad Aut\u00f3noma de Santo Domingo (UASD).<\/p>\n\n\n\n<p>Fern\u00e1ndez asegur\u00f3 que la eliminaci\u00f3n del subregistro es uno de los grandes desaf\u00edos de registro civil, al punto de que el populismo propio de la sociedad actual lleva a que se crea que cualquiera puede realizar ese tipo de asentamientos, cuando se trata de una facultad otorgada por la Constituci\u00f3n de la Rep\u00fablica solo a la JCE.<\/p>\n\n\n\n<p>\u201cCreen que pueden registrar y que pueden hacer operativos y llegan m\u00e1s lejos y dicen hemos recibido dos mil expedientes, pero el Registro Civil no pertenece a ninguna de esas instituciones. El Registro Civil es la Junta que funge como guardi\u00e1n y quien tiene que dise\u00f1ar las pol\u00edticas p\u00fablicas, para esos operativos\u201d, sostuvo.<\/p>\n\n\n\n<p>La magistrada se expres\u00f3 en esos t\u00e9rminos, al pronunciar la conferencia magistral \u201cRetos y Desaf\u00edos del Registro Civil en un Estado Social, Democr\u00e1tico y de Derecho\u201d, en el Paraninfo de la Facultad de Ciencias Jur\u00eddicas y Pol\u00edticas de la UASD.<\/p>\n\n\n\n<p>Detall\u00f3 que en la JCE existe la Unidad de Declaraciones Tard\u00edas que tiene unidades m\u00f3viles y un plan de acci\u00f3n con operativos puntuales.<\/p>\n\n\n\n<p>Asimismo, la miembro titular se\u00f1al\u00f3 que dentro de los esfuerzos que se realizan para eliminar el subregistro, el Pleno aprob\u00f3 la Unidad de Declaraci\u00f3n Oportuna, que busca fortalecer y eficientizar los trabajos para el registro oportuno de nacimientos.<\/p>\n\n\n\n<p>Explic\u00f3 que, se desarrolla un programa de instalaci\u00f3n y apertura de Oficial\u00edas del Estado Civil y Delegaciones de Oficial\u00edas a nivel nacional, que inici\u00f3 el pasado 26 de septiembre en el hospital Marcelino V\u00e9lez y que continu\u00f3 en Villa Montellano, de Puerto Plata, y Pu\u00f1al, en Santiago de los Caballeros, con lo que se suman 167 oficial\u00edas del Estado Civil.<\/p>\n\n\n\n<p>A\u00f1adi\u00f3 que, en procura de descentralizar el trabajo de algunas oficial\u00edas que tienen mucha carga, se trabaja para dar apertura a las oficial\u00edas del Estado Civil de la Quinta y Sexta Circunscripci\u00f3n de Santiago de los Caballeros; en el Distrito Nacional, la Diecisieteava Circunscripci\u00f3n, como efecto de la divisi\u00f3n de la Segunda Circunscripci\u00f3n; as\u00ed como, la 18ava Circunscripci\u00f3n de Santo Domingo Norte, por divisi\u00f3n de la 5ta Circunscripci\u00f3n de Santo Domingo Norte. Tambi\u00e9n la Oficial\u00eda del Estado Civil de Peralvillo, Monte Plata, al igual que en San Crist\u00f3bal. En el este, la Circunscripci\u00f3n de Villa Hermosa, La Romana; la Oficial\u00eda Civil de Las Gu\u00e1ranas, en San Francisco de Macor\u00eds; la Delegaci\u00f3n del Estado Civil del Hospital Municipal de Cenov\u00ed y la&nbsp;delegaci\u00f3n del Estado Civil, en Bonao provincia Monse\u00f1or Nouel, ubicada en el hospital Pedro E. Marchena.<\/p>\n\n\n\n<p>Otro esfuerzo del actual Pleno de la JCE destacado por la magistrada Fern\u00e1ndez es el Proyecto de Eliminaci\u00f3n del Tr\u00e1mite de Legalizaci\u00f3n (ETLA) mediante el cual se han emitido 554 actas (99.8%) y que ya se encuentra en 96 oficial\u00edas y que se espera que llegue a las 167 oficial\u00edas al final del a\u00f1o.<\/p>\n\n\n\n<p>Otros esfuerzos que est\u00e1n en proyecto en la JCE, conforme a lo revelado por la magistrada Fern\u00e1ndez, est\u00e1 la implementaci\u00f3n de la firma digital, la solicitud de actas v\u00eda web y los libros digitales.<\/p>\n\n\n\n<p>La magistrada felicit\u00f3 a EFEC y a la UASD por el inicio de la maestr\u00eda y dijo que \u00e9sta contribuir\u00e1 a que se garantice el debido proceso y la unificaci\u00f3n de las pr\u00e1cticas.<\/p>\n\n\n\n<p>Las palabras de inicio del acto estuvieron a cargo del miembro titular de la JCE, Rafael Armando Vallejo Santelises, quien expres\u00f3 su convencimiento de que con la maestr\u00eda que inicia se va a dotar de formaci\u00f3n oportuna a personal que integra la JCE y eso garantiza resultados exitosos en las pr\u00f3ximas elecciones, del a\u00f1o 2024.<\/p>\n\n\n\n<p><strong>La maestr\u00eda.<\/strong><\/p>\n\n\n\n<p>Tiene como objetivo principal formar expertos y expertas en el \u00e1rea de derecho familiar y de Actos del Estado Civil, con suma competencia, para que, con un nivel de excelencia se desempe\u00f1en en el Sistema de Registro Civil, Tribunales de Familia, Menores y otros sectores afines.<\/p>\n\n\n\n<p>Al acto asistieron, como invitados especiales los miembros titulares del pleno de la JCE, Rafael Armando Vallejo Santelises, Dolores Altagracia Fern\u00e1ndez y Patricia Lorenzo Paniagua, adem\u00e1s del secretario del pleno de la JCE, Sonne Beltr\u00e9. Tambi\u00e9n la directora de Registro Civil, Rhina de los Santos y el director de Recursos Humanos de la JCE, Ariel Liranzo.<\/p>\n\n\n\n<p>Por parte de la UASD asistieron, el doctor Antonio Medina Calca\u00f1o, vicerrector de extensi\u00f3n de la UASD; Bautista L\u00f3pez,&nbsp;decano de la Facultad de Ciencias Jur\u00eddicas y Pol\u00edticas; Felipe Carvajal de los Santos, director de la Escuela de Formaci\u00f3n Electoral (EFEC), e In\u00e9s Ferreira, directora de post grado de la UASD.<\/p>\n\n\n\n<h4 class=\"wp-block-heading\">&nbsp;Direcci\u00f3n de Comunicaciones<\/h4>\n\n\n\n<p>07 de noviembre 2021<br><\/p>\n","protected":false},"excerpt":{"rendered":"<p>SANTO DOMINGO, RD, 7 de noviembre de 2021. &#8211; La miembro titular del pleno de la Junta Central Electoral (JCE), Dolores Fern\u00e1ndez, defendi\u00f3 la responsabilidad que tiene esa instituci\u00f3n en el manejo del Registro Civil, al pronunciar una conferencia magistral, en el inicio de la maestr\u00eda en Derecho de Familia y Actos del Estado Civil [&hellip;]<\/p>\n","protected":false},"author":2,"featured_media":306525,"comment_status":"closed","ping_status":"","sticky":true,"template":"","format":"standard","meta":{"footnotes":""},"categories":[22,27],"tags":[],"class_list":["post-306524","post","type-post","status-publish","format-standard","has-post-thumbnail","hentry","category-politica","category-portada"],"_links":{"self":[{"href":"https:\/\/diariodominicano.com\/index.php?rest_route=\/wp\/v2\/posts\/306524","targetHints":{"allow":["GET"]}}],"collection":[{"href":"https:\/\/diariodominicano.com\/index.php?rest_route=\/wp\/v2\/posts"}],"about":[{"href":"https:\/\/diariodominicano.com\/index.php?rest_route=\/wp\/v2\/types\/post"}],"author":[{"embeddable":true,"href":"https:\/\/diariodominicano.com\/index.php?rest_route=\/wp\/v2\/users\/2"}],"replies":[{"embeddable":true,"href":"https:\/\/diariodominicano.com\/index.php?rest_route=%2Fwp%2Fv2%2Fcomments&post=306524"}],"version-history":[{"count":1,"href":"https:\/\/diariodominicano.com\/index.php?rest_route=\/wp\/v2\/posts\/306524\/revisions"}],"predecessor-version":[{"id":306526,"href":"https:\/\/diariodominicano.com\/index.php?rest_route=\/wp\/v2\/posts\/306524\/revisions\/306526"}],"wp:featuredmedia":[{"embeddable":true,"href":"https:\/\/diariodominicano.com\/index.php?rest_route=\/wp\/v2\/media\/306525"}],"wp:attachment":[{"href":"https:\/\/diariodominicano.com\/index.php?rest_route=%2Fwp%2Fv2%2Fmedia&parent=306524"}],"wp:term":[{"taxonomy":"category","embeddable":true,"href":"https:\/\/diariodominicano.com\/index.php?rest_route=%2Fwp%2Fv2%2Fcategories&post=306524"},{"taxonomy":"post_tag","embeddable":true,"href":"https:\/\/diariodominicano.com\/index.php?rest_route=%2Fwp%2Fv2%2Ftags&post=306524"}],"curies":[{"name":"wp","href":"https:\/\/api.w.org\/{rel}","templated":true}]}}