{"id":306385,"date":"2021-11-06T19:52:59","date_gmt":"2021-11-06T23:52:59","guid":{"rendered":"http:\/\/diariodominicano.com\/?p=306385"},"modified":"2021-11-06T19:52:59","modified_gmt":"2021-11-06T23:52:59","slug":"capturan-a-presunto-guerrillero-colombiano-que-atento-contra-presidente-duque-y-brigada-militar","status":"publish","type":"post","link":"https:\/\/diariodominicano.com\/?p=306385","title":{"rendered":"Capturan a presunto guerrillero colombiano que atent\u00f3 contra presidente Duque y brigada militar"},"content":{"rendered":"\n<p>diariodominicano.com<a rel=\"noreferrer noopener\" href=\"https:\/\/www.xinhua-news.com\/gdsdetailxhs\/share\/10574449-?pageflag=iframe\" target=\"_blank\"><\/a><\/p>\n\n\n\n<pre id=\"text-news-description\" class=\"wp-block-preformatted\">   BOGOTA, 6 nov (Xinhua) -- Las autoridades colombianas capturaron a alias \"Aurelio\", presunto integrante de las disidencias de la extinta guerrilla de las Fuerzas Armadas Revolucionarias de Colombia (FARC), acusado de haber atentado contra el helic\u00f3ptero en el que viajaban el presidente Iv\u00e1n Duque y una brigada militar en junio pasado en C\u00facuta, capital del departamento Norte de Santander (noreste), inform\u00f3 hoy el ministro de Defensa, Diego Molano.\n   \"Tal como nos comprometimos con el pa\u00eds, aqu\u00ed el que la hace la paga, alias 'Aurelio' responsable del atentado contra el presidente de la Rep\u00fablica y la Brigada 30 en Norte de Santander fue capturado a una operaci\u00f3n de nuestro Ej\u00e9rcito, la Fuerza A\u00e9rea y la Polic\u00eda\", declar\u00f3 el ministro.\n   Molano se\u00f1al\u00f3 que las disidencias de las FARC quieren aumentar su presencia en esa regi\u00f3n del pa\u00eds y el gobierno no permitir\u00e1 que ese grupo alzado en armas atente contra la poblaci\u00f3n civil y la fuerza p\u00fablica.\n   \"Vamos a desmantelar a esas disidencias de las FARC y recuperar la tranquilidad y la seguridad para el Norte de Santander y especialmente para el Catatumbo (en ese regi\u00f3n del pa\u00eds)\", agreg\u00f3.\n   En junio pasado, las disidencias de las FARC dispararon contra el helic\u00f3ptero en el que se movilizaban el presidente, varios de sus ministros y autoridades locales, quienes salieron ilesos.\n   Ese mismo mes presuntos guerrilleros detonaron un coche bomba contra la sede de la Brigada 30, en C\u00facuta, donde resultaron heridas decenas de personas.\n   La guerrilla de las FARC se desmoviliz\u00f3 en 2016 y se convirti\u00f3 en un partido pol\u00edtico opositor, sin embargo no todos sus integrantes se desmovilizaron y continuaron delinquiendo en varias regiones del pa\u00eds, dedicados principalmente al narcotr\u00e1fico. <\/pre>\n\n\n\n<figure class=\"wp-block-image size-large\"><img loading=\"lazy\" decoding=\"async\" width=\"1024\" height=\"576\" src=\"https:\/\/diariodominicano.com\/wp-content\/uploads\/2021\/11\/captura-alias-aurelio-Ptecolombiaanuncia6-11-21-1024x576.jpg\" alt=\"\" class=\"wp-image-306387\" srcset=\"https:\/\/diariodominicano.com\/wp-content\/uploads\/2021\/11\/captura-alias-aurelio-Ptecolombiaanuncia6-11-21-1024x576.jpg 1024w, https:\/\/diariodominicano.com\/wp-content\/uploads\/2021\/11\/captura-alias-aurelio-Ptecolombiaanuncia6-11-21-300x169.jpg 300w, https:\/\/diariodominicano.com\/wp-content\/uploads\/2021\/11\/captura-alias-aurelio-Ptecolombiaanuncia6-11-21-768x432.jpg 768w, https:\/\/diariodominicano.com\/wp-content\/uploads\/2021\/11\/captura-alias-aurelio-Ptecolombiaanuncia6-11-21-816x459.jpg 816w, https:\/\/diariodominicano.com\/wp-content\/uploads\/2021\/11\/captura-alias-aurelio-Ptecolombiaanuncia6-11-21.jpg 1200w\" sizes=\"auto, (max-width: 1024px) 100vw, 1024px\" \/><\/figure>\n","protected":false},"excerpt":{"rendered":"<p>diariodominicano.com BOGOTA, 6 nov (Xinhua) &#8212; Las autoridades colombianas capturaron a alias \u00abAurelio\u00bb, presunto integrante de las disidencias de la extinta guerrilla de las Fuerzas Armadas Revolucionarias de Colombia (FARC), acusado de haber atentado contra el helic\u00f3ptero en el que viajaban el presidente Iv\u00e1n Duque y una brigada militar en junio pasado en C\u00facuta, capital [&hellip;]<\/p>\n","protected":false},"author":5,"featured_media":306386,"comment_status":"closed","ping_status":"","sticky":true,"template":"","format":"standard","meta":{"footnotes":""},"categories":[23,27],"tags":[],"class_list":["post-306385","post","type-post","status-publish","format-standard","has-post-thumbnail","hentry","category-internacional","category-portada"],"_links":{"self":[{"href":"https:\/\/diariodominicano.com\/index.php?rest_route=\/wp\/v2\/posts\/306385","targetHints":{"allow":["GET"]}}],"collection":[{"href":"https:\/\/diariodominicano.com\/index.php?rest_route=\/wp\/v2\/posts"}],"about":[{"href":"https:\/\/diariodominicano.com\/index.php?rest_route=\/wp\/v2\/types\/post"}],"author":[{"embeddable":true,"href":"https:\/\/diariodominicano.com\/index.php?rest_route=\/wp\/v2\/users\/5"}],"replies":[{"embeddable":true,"href":"https:\/\/diariodominicano.com\/index.php?rest_route=%2Fwp%2Fv2%2Fcomments&post=306385"}],"version-history":[{"count":1,"href":"https:\/\/diariodominicano.com\/index.php?rest_route=\/wp\/v2\/posts\/306385\/revisions"}],"predecessor-version":[{"id":306388,"href":"https:\/\/diariodominicano.com\/index.php?rest_route=\/wp\/v2\/posts\/306385\/revisions\/306388"}],"wp:featuredmedia":[{"embeddable":true,"href":"https:\/\/diariodominicano.com\/index.php?rest_route=\/wp\/v2\/media\/306386"}],"wp:attachment":[{"href":"https:\/\/diariodominicano.com\/index.php?rest_route=%2Fwp%2Fv2%2Fmedia&parent=306385"}],"wp:term":[{"taxonomy":"category","embeddable":true,"href":"https:\/\/diariodominicano.com\/index.php?rest_route=%2Fwp%2Fv2%2Fcategories&post=306385"},{"taxonomy":"post_tag","embeddable":true,"href":"https:\/\/diariodominicano.com\/index.php?rest_route=%2Fwp%2Fv2%2Ftags&post=306385"}],"curies":[{"name":"wp","href":"https:\/\/api.w.org\/{rel}","templated":true}]}}