{"id":306272,"date":"2021-11-05T21:28:19","date_gmt":"2021-11-06T01:28:19","guid":{"rendered":"http:\/\/diariodominicano.com\/?p=306272"},"modified":"2021-11-05T21:34:19","modified_gmt":"2021-11-06T01:34:19","slug":"mp-somete-a-otro-implicado-en-lavado-de-activos-del-narcotrafico-en-caso-larva","status":"publish","type":"post","link":"https:\/\/diariodominicano.com\/?p=306272","title":{"rendered":"MP somete a otro implicado en lavado de activos del narcotr\u00e1fico en Caso Larva"},"content":{"rendered":"\n<p>SANTO DOMINGO,  Rep\u00fablica Dominicana, 5 de noviembre de 2021.- El Ministerio P\u00fablico someti\u00f3 a la justicia a otro implicado en la red de lavado de activos del narcotr\u00e1fico desmantelada la pasada semana con la Operaci\u00f3n Larva, por el que ahora suman 15 los procesados contra los que ha solicitado medida de coerci\u00f3n consistente en prisi\u00f3n preventiva de 18 meses y en la declaraci\u00f3n de complejidad del caso.<\/p>\n\n\n\n<p>La titular interina de la Procuradur\u00eda Especializada Antilavado de Activos y Financiamiento del Terrorismo, procuradora de corte Ramona Nova Cabrera, inform\u00f3 que a Domingo Ventura se le present\u00f3 la medida de coerci\u00f3n el domingo porque estaba pr\u00f3fugo y que se solicit\u00f3 la fusi\u00f3n para conocerla conjuntamente con los dem\u00e1s imputados que hab\u00edan sido sometidos por estar vinculados a la red.&nbsp;&nbsp;<\/p>\n\n\n\n<p>Dijo que en la pr\u00f3xima audiencia para el conocimiento de la medida de coerci\u00f3n el tribunal se pronunciar\u00e1 sobre esa solicitud.&nbsp;<\/p>\n\n\n\n<p>La jueza Katherine Rubio Matos, de la Oficina Judicial de Servicios de Atenci\u00f3n Permanente de San Crist\u00f3bal, aplaz\u00f3 para el pr\u00f3ximo viernes 12 de noviembre, a las 9:00 de la ma\u00f1ana, el conocimiento de la medida de coerci\u00f3n en contra de los involucrados.&nbsp;<\/p>\n\n\n\n<p>La fiscal titular de San Crist\u00f3bal, Ramona Santana, dijo que el motivo del aplazamiento es que los abogados de los imputados puedan tomar conocimiento de todos los elementos de prueba que deposit\u00f3 el Ministerio P\u00fablico.&nbsp;<\/p>\n\n\n\n<p>Adem\u00e1s de Ventura, son procesados por este caso Jorge Luis Herasme Estrella, Mar\u00eda Mercedes Ramona Estrella, Sarai Esther Herasme Estrella, Luis Ney Herasme Pe\u00f1a, James Alexander Gonz\u00e1lez Cubilette, Joivel Alexander Gonz\u00e1lez Cubilette, \u00c1ngelo Spataro Rodr\u00edguez (Soni y\/o El Italiano), Elizabeth Spataro Rodr\u00edguez, Santa Fausta Rodr\u00edguez, Ram\u00f3n Eduardo Pi\u00f1a Reyes (Bomb\u00f3n y\/o Guardia), Luis Jim\u00e9nez (Bons\u00e1i y\/o Luis Hookah), Miguel Ram\u00f3n Santos Compr\u00e9s (Ray), Yira Mariela Zimmermann y Rusber Jos\u00e9 Suarez D\u00edaz (Ojitos).&nbsp;<\/p>\n\n\n\n<p>En tanto que como entidades con personer\u00eda jur\u00eddica encauzadas la acusaci\u00f3n incluye a Presta Bella Vista S.R.L, Inversiones Herasme P\u00e9rez S. A, Upper Promoci\u00f3n S.R.L, J&amp;H Administraci\u00f3n y Servicios S.R.L, H &amp; S inmobiliaria, S.R.L, Inversiones y Servicios Jorge y Mar\u00eda, RSD Geo Soluciones S.R.L, Rujoda Trading S.R.L, Agente de Cambio Estrella S.A., Grupo Intex Dominicana, S.R.L, Suplicor S.R.L, Corporaci\u00f3n de Cr\u00e9dito Corona (Cocreco), Blue Meadow Group S.R.L, Spataro Italian Foodmarker S.R.L., Nayali Moda Italiana S.R.L., Grupo Arconsa S.R.L, Dirotec Grupo de Inversiones, S.R.L. y Financiera GDNIPI, S.R.L.&nbsp;<\/p>\n\n\n\n<p>El Ministerio P\u00fablico desmantel\u00f3 la red de lavado de activos en coordinaci\u00f3n con el Centro de Informaci\u00f3n y Coordinaci\u00f3n Conjuntas (CICC) y la Direcci\u00f3n de Investigaciones Financieras (Difla) de la Direcci\u00f3n Nacional de Control de Drogas (DNCD).&nbsp;<\/p>\n\n\n\n<p>Durante las pesquisas, el \u00f3rgano de la persecuci\u00f3n penal ha establecido que los involucrados en el Caso Larva forman parte de una organizaci\u00f3n criminal dedicada a traficar drogas y a lavar activos producto de operaciones de narcotr\u00e1fico a gran escala.&nbsp;&nbsp;<\/p>\n\n\n\n<p>El entramado criminal est\u00e1 vinculado a una red de narcotr\u00e1fico denominada Corona, que el 16 de marzo de 2020 introdujo al pa\u00eds la cantidad de 724.35 kilogramos de coca\u00edna clorhidratada, por la costa de Nigua, provincia San Crist\u00f3bal, en una embarcaci\u00f3n proveniente de Colombia.&nbsp;<\/p>\n\n\n\n<p>El 15 de septiembre de 2020 la Fiscal\u00eda de San Crist\u00f3bal y la Procuradur\u00eda Especializada de Antilavado de Activos y Financiamiento del Terrorismo presentaron acusaci\u00f3n contra Jos\u00e9 An\u00edbal Gonz\u00e1lez Luna, Jos\u00e9 An\u00edbal Gonz\u00e1lez Cubilete (El Don), Manuel Alejandro Lara Mart\u00ednez, Julio Ignacio Morel Adames y otros 12 implicados en el Caso Corona, en el que las autoridades ocuparon un arsenal, incluyendo tres fusiles y una metralleta.<\/p>\n\n\n\n<p><strong>Direcci\u00f3n de Comunicaci\u00f3n y Prensa<\/strong><\/p>\n\n\n\n<p><strong>Procuradur\u00eda General-Ministerio P\u00fablico RD<\/strong><\/p>\n\n\n\n<p><strong>Viernes, 5 de noviembre de 2021.<\/strong><\/p>\n","protected":false},"excerpt":{"rendered":"<p>SANTO DOMINGO, Rep\u00fablica Dominicana, 5 de noviembre de 2021.- El Ministerio P\u00fablico someti\u00f3 a la justicia a otro implicado en la red de lavado de activos del narcotr\u00e1fico desmantelada la pasada semana con la Operaci\u00f3n Larva, por el que ahora suman 15 los procesados contra los que ha solicitado medida de coerci\u00f3n consistente en prisi\u00f3n [&hellip;]<\/p>\n","protected":false},"author":2,"featured_media":306278,"comment_status":"closed","ping_status":"","sticky":true,"template":"","format":"standard","meta":{"footnotes":""},"categories":[24,27],"tags":[],"class_list":["post-306272","post","type-post","status-publish","format-standard","has-post-thumbnail","hentry","category-justicia-y-derecho","category-portada"],"_links":{"self":[{"href":"https:\/\/diariodominicano.com\/index.php?rest_route=\/wp\/v2\/posts\/306272","targetHints":{"allow":["GET"]}}],"collection":[{"href":"https:\/\/diariodominicano.com\/index.php?rest_route=\/wp\/v2\/posts"}],"about":[{"href":"https:\/\/diariodominicano.com\/index.php?rest_route=\/wp\/v2\/types\/post"}],"author":[{"embeddable":true,"href":"https:\/\/diariodominicano.com\/index.php?rest_route=\/wp\/v2\/users\/2"}],"replies":[{"embeddable":true,"href":"https:\/\/diariodominicano.com\/index.php?rest_route=%2Fwp%2Fv2%2Fcomments&post=306272"}],"version-history":[{"count":2,"href":"https:\/\/diariodominicano.com\/index.php?rest_route=\/wp\/v2\/posts\/306272\/revisions"}],"predecessor-version":[{"id":306279,"href":"https:\/\/diariodominicano.com\/index.php?rest_route=\/wp\/v2\/posts\/306272\/revisions\/306279"}],"wp:featuredmedia":[{"embeddable":true,"href":"https:\/\/diariodominicano.com\/index.php?rest_route=\/wp\/v2\/media\/306278"}],"wp:attachment":[{"href":"https:\/\/diariodominicano.com\/index.php?rest_route=%2Fwp%2Fv2%2Fmedia&parent=306272"}],"wp:term":[{"taxonomy":"category","embeddable":true,"href":"https:\/\/diariodominicano.com\/index.php?rest_route=%2Fwp%2Fv2%2Fcategories&post=306272"},{"taxonomy":"post_tag","embeddable":true,"href":"https:\/\/diariodominicano.com\/index.php?rest_route=%2Fwp%2Fv2%2Ftags&post=306272"}],"curies":[{"name":"wp","href":"https:\/\/api.w.org\/{rel}","templated":true}]}}