{"id":306205,"date":"2021-11-05T13:47:14","date_gmt":"2021-11-05T17:47:14","guid":{"rendered":"http:\/\/diariodominicano.com\/?p=306205"},"modified":"2021-11-05T13:47:14","modified_gmt":"2021-11-05T17:47:14","slug":"imponen-prision-preventiva-contra-hombre-que-atraco-a-punta-de-pistola-a-comerciante-en-salcedo","status":"publish","type":"post","link":"https:\/\/diariodominicano.com\/?p=306205","title":{"rendered":"Imponen prisi\u00f3n preventiva contra hombre que atrac\u00f3 a punta de pistola a comerciante en Salcedo"},"content":{"rendered":"\n<p><strong>HERMANAS MIRABAL.-<\/strong>\u00a0Un Tribunal del Distrito Judicial de Hermanas Mirabal impuso tres meses de prisi\u00f3n preventiva en contra de un hombre que atrac\u00f3 a punta de pistola a un comerciante de esta localidad, despoj\u00e1ndolo de un arma de fuego y dinero en efectivo, en enero de 2020.<\/p>\n\n\n\n<p>La medida de coerci\u00f3n fue impuesta por la jueza Yudelka de Le\u00f3n en contra de Daniel Rafael Mart\u00ednez C\u00e1ceres, a quien el Ministerio P\u00fablico implica en el asalto a mano armada en contra del se\u00f1or Antonio Garc\u00eda Batista, en un momento en que se encontraba en su establecimiento de provisiones.<\/p>\n\n\n\n<p>En la medida de coerci\u00f3n se establece que el imputado Daniel Rafael Mart\u00ednez C\u00e1ceres, alias Danielito, junto a Junior Manuel Hidalgo Rosario (en prisi\u00f3n preventiva), Leonardo Antonio Garc\u00eda Bencosme (hoy occiso), Jos\u00e9 Manuel Carela B\u00e1ez y Jos\u00e9 Antonio Bautista, se present\u00f3 alrededor de las 3:00 de la madrugada al establecimiento comercial Colmado El Resbal\u00f3n, propiedad de Garc\u00eda Batista, a quien despej\u00f3 de su pistola y de 700 mil pesos en efectivo.<\/p>\n\n\n\n<p>El representante del Ministerio P\u00fablico, Pablo Osiris Molina Santos, ha calificado provisionalmente los hechos atribuidos al encartado, como violaci\u00f3n de los art\u00edculos 265, 266, 379, 382, 383, 385 del C\u00f3digo Penal, as\u00ed como violaci\u00f3n a los art\u00edculos 66 y 67 de la ley 631-16, sobre Control y Regulaci\u00f3n de Armas, Municiones y Materiales Relacionados.<\/p>\n\n\n\n<p>El \u00f3rgano persecutor indic\u00f3 que el imputado, quien tiene un amplio historial delictivo, cumplir\u00e1 la prisi\u00f3n preventiva en la c\u00e1rcel p\u00fablica Juana N\u00fa\u00f1ez&nbsp;de&nbsp;la ciudad de Salcedo.<\/p>\n\n\n\n<p><strong>Direcci\u00f3n de Comunicaci\u00f3n y Prensa<\/strong><\/p>\n\n\n\n<p><strong>Procuradur\u00eda General-Ministerio P\u00fablico RD<\/strong><\/p>\n\n\n\n<p><strong>Viernes , 5 de noviembre 2021<\/strong><\/p>\n","protected":false},"excerpt":{"rendered":"<p>HERMANAS MIRABAL.-\u00a0Un Tribunal del Distrito Judicial de Hermanas Mirabal impuso tres meses de prisi\u00f3n preventiva en contra de un hombre que atrac\u00f3 a punta de pistola a un comerciante de esta localidad, despoj\u00e1ndolo de un arma de fuego y dinero en efectivo, en enero de 2020. La medida de coerci\u00f3n fue impuesta por la jueza [&hellip;]<\/p>\n","protected":false},"author":2,"featured_media":300727,"comment_status":"closed","ping_status":"","sticky":true,"template":"","format":"standard","meta":{"footnotes":""},"categories":[24,27],"tags":[],"class_list":["post-306205","post","type-post","status-publish","format-standard","has-post-thumbnail","hentry","category-justicia-y-derecho","category-portada"],"_links":{"self":[{"href":"https:\/\/diariodominicano.com\/index.php?rest_route=\/wp\/v2\/posts\/306205","targetHints":{"allow":["GET"]}}],"collection":[{"href":"https:\/\/diariodominicano.com\/index.php?rest_route=\/wp\/v2\/posts"}],"about":[{"href":"https:\/\/diariodominicano.com\/index.php?rest_route=\/wp\/v2\/types\/post"}],"author":[{"embeddable":true,"href":"https:\/\/diariodominicano.com\/index.php?rest_route=\/wp\/v2\/users\/2"}],"replies":[{"embeddable":true,"href":"https:\/\/diariodominicano.com\/index.php?rest_route=%2Fwp%2Fv2%2Fcomments&post=306205"}],"version-history":[{"count":1,"href":"https:\/\/diariodominicano.com\/index.php?rest_route=\/wp\/v2\/posts\/306205\/revisions"}],"predecessor-version":[{"id":306206,"href":"https:\/\/diariodominicano.com\/index.php?rest_route=\/wp\/v2\/posts\/306205\/revisions\/306206"}],"wp:featuredmedia":[{"embeddable":true,"href":"https:\/\/diariodominicano.com\/index.php?rest_route=\/wp\/v2\/media\/300727"}],"wp:attachment":[{"href":"https:\/\/diariodominicano.com\/index.php?rest_route=%2Fwp%2Fv2%2Fmedia&parent=306205"}],"wp:term":[{"taxonomy":"category","embeddable":true,"href":"https:\/\/diariodominicano.com\/index.php?rest_route=%2Fwp%2Fv2%2Fcategories&post=306205"},{"taxonomy":"post_tag","embeddable":true,"href":"https:\/\/diariodominicano.com\/index.php?rest_route=%2Fwp%2Fv2%2Ftags&post=306205"}],"curies":[{"name":"wp","href":"https:\/\/api.w.org\/{rel}","templated":true}]}}