{"id":306160,"date":"2021-11-05T12:34:40","date_gmt":"2021-11-05T16:34:40","guid":{"rendered":"http:\/\/diariodominicano.com\/?p=306160"},"modified":"2021-11-05T12:34:40","modified_gmt":"2021-11-05T16:34:40","slug":"jefe-de-onu-nombra-a-representante-especial-para-chipre","status":"publish","type":"post","link":"https:\/\/diariodominicano.com\/?p=306160","title":{"rendered":"Jefe de ONU nombra a representante especial para Chipre"},"content":{"rendered":"\n<p>diariodominicano.com<a rel=\"noreferrer noopener\" href=\"https:\/\/www.xinhua-news.com\/gdsdetailxhs\/share\/10570363-?pageflag=iframe\" target=\"_blank\"><\/a><\/p>\n\n\n\n<pre id=\"text-news-description\" class=\"wp-block-preformatted\">   NICOSIA, 5 nov (Xinhua) -- El secretario general de la Organizaci\u00f3n de las Naciones Unidas (ONU), Ant\u00f3nio Guterres, anunci\u00f3 el nombramiento de Colin Stewart de Canad\u00e1 como su nuevo representante especial y jefe de la Fuerza Mantenimiento de la Paz de las Naciones Unidas en Chipre, dijo hoy viernes un comunicado de prensa de la ONU publicado en Nicosia.\n   El comunicado emitido por la misi\u00f3n de la ONU en Chipre se\u00f1al\u00f3 que Stewart, quien sustituye a Elizabeth Spehar de Canad\u00e1, tambi\u00e9n desempe\u00f1ar\u00e1 el papel de asesor adjunto especial del secretario general de la ONU sobre Chipre.\n   La ONU indic\u00f3 que Stewart, quien recientemente fue representante especial del secretario general y jefe de la Misi\u00f3n de las Naciones Unidas para el Refer\u00e9ndum en Sahara Occidental, cuenta con una experiencia demostrada de liderazgo y gesti\u00f3n, con m\u00e1s de 28 a\u00f1os de experiencia en asuntos de paz y seguridad, as\u00ed como en temas internacionales.\n   La misi\u00f3n de mantenimiento de la paz de la ONU en Chipre tambi\u00e9n tiene un mandato del secretario general para promover las negociaciones de paz entre las comunidades divididas grecochipriota y turcochipriota en Chipre.\n   Chipre qued\u00f3 separado a lo largo de l\u00edneas \u00e9ticas en 1974, cuando Turqu\u00eda intervino militarmente luego de un golpe de Estado de grecochipriotas apoyado por Atenas.\n   El nombramiento de Stewart tuvo lugar despu\u00e9s de las reuniones de Guterres con el presidente de Chipre, Nicos Anastasiades, y con el l\u00edder turcochipriota, Ersin Tatar, en Nueva York el 27 de septiembre de este a\u00f1o.<\/pre>\n","protected":false},"excerpt":{"rendered":"<p>diariodominicano.com NICOSIA, 5 nov (Xinhua) &#8212; El secretario general de la Organizaci\u00f3n de las Naciones Unidas (ONU), Ant\u00f3nio Guterres, anunci\u00f3 el nombramiento de Colin Stewart de Canad\u00e1 como su nuevo representante especial y jefe de la Fuerza Mantenimiento de la Paz de las Naciones Unidas en Chipre, dijo hoy viernes un comunicado de prensa de [&hellip;]<\/p>\n","protected":false},"author":5,"featured_media":306174,"comment_status":"closed","ping_status":"","sticky":true,"template":"","format":"standard","meta":{"footnotes":""},"categories":[23,27],"tags":[],"class_list":["post-306160","post","type-post","status-publish","format-standard","has-post-thumbnail","hentry","category-internacional","category-portada"],"_links":{"self":[{"href":"https:\/\/diariodominicano.com\/index.php?rest_route=\/wp\/v2\/posts\/306160","targetHints":{"allow":["GET"]}}],"collection":[{"href":"https:\/\/diariodominicano.com\/index.php?rest_route=\/wp\/v2\/posts"}],"about":[{"href":"https:\/\/diariodominicano.com\/index.php?rest_route=\/wp\/v2\/types\/post"}],"author":[{"embeddable":true,"href":"https:\/\/diariodominicano.com\/index.php?rest_route=\/wp\/v2\/users\/5"}],"replies":[{"embeddable":true,"href":"https:\/\/diariodominicano.com\/index.php?rest_route=%2Fwp%2Fv2%2Fcomments&post=306160"}],"version-history":[{"count":1,"href":"https:\/\/diariodominicano.com\/index.php?rest_route=\/wp\/v2\/posts\/306160\/revisions"}],"predecessor-version":[{"id":306175,"href":"https:\/\/diariodominicano.com\/index.php?rest_route=\/wp\/v2\/posts\/306160\/revisions\/306175"}],"wp:featuredmedia":[{"embeddable":true,"href":"https:\/\/diariodominicano.com\/index.php?rest_route=\/wp\/v2\/media\/306174"}],"wp:attachment":[{"href":"https:\/\/diariodominicano.com\/index.php?rest_route=%2Fwp%2Fv2%2Fmedia&parent=306160"}],"wp:term":[{"taxonomy":"category","embeddable":true,"href":"https:\/\/diariodominicano.com\/index.php?rest_route=%2Fwp%2Fv2%2Fcategories&post=306160"},{"taxonomy":"post_tag","embeddable":true,"href":"https:\/\/diariodominicano.com\/index.php?rest_route=%2Fwp%2Fv2%2Ftags&post=306160"}],"curies":[{"name":"wp","href":"https:\/\/api.w.org\/{rel}","templated":true}]}}