{"id":306003,"date":"2021-11-04T19:26:23","date_gmt":"2021-11-04T23:26:23","guid":{"rendered":"http:\/\/diariodominicano.com\/?p=306003"},"modified":"2021-11-04T19:26:23","modified_gmt":"2021-11-04T23:26:23","slug":"ministerio-publico-asegura-que-siguen-sin-variar-los-presupuestos-juridicos-que-mantienen-en-prision-a-imputado-del-caso-coral","status":"publish","type":"post","link":"https:\/\/diariodominicano.com\/?p=306003","title":{"rendered":"Ministerio P\u00fablico asegura que siguen sin variar los presupuestos jur\u00eddicos que mantienen en prisi\u00f3n a imputado del Caso Coral"},"content":{"rendered":"\n<p><strong>SANTO DOMINGO, Rep\u00fablica Dominicana.-<\/strong> El procurador adjunto Wilson Camacho asegur\u00f3 este jueves que el sistema de justicia no tiene ninguna raz\u00f3n para variar la prisi\u00f3n al sargento de la Armada Alejandro Jos\u00e9 Montero Cruz, uno de los involucrados en el Caso Coral.<\/p>\n\n\n\n<p>El titular de la Procuradur\u00eda Especializada de Persecuci\u00f3n de la Corrupci\u00f3n Administrativa (Pepca) asegur\u00f3 adem\u00e1s que el Ministerio P\u00fablico, como en todos los casos, est\u00e1 listo para conocer el recurso de apelaci\u00f3n que elev\u00f3 el imputado Montero Cruz en contra de la decisi\u00f3n del tribunal que le ratific\u00f3 la prisi\u00f3n durante una revisi\u00f3n obligatoria.<\/p>\n\n\n\n<p>Los jueces de la Primera Sala de la Corte de Apelaci\u00f3n del Distrito Nacional, Doris Pujols Ortiz, Rafael B\u00e1ez Garc\u00eda y Carmen Mancebo, aplazaron para el pr\u00f3ximo 15 de noviembre, a partir de las 9:00 de la ma\u00f1ana, el conocimiento del recurso.<\/p>\n\n\n\n<p>\u201cEl recurso no se ha conocido porque este (el imputado) inform\u00f3 al tribunal que hab\u00eda cambiado de abogado y el abogado hizo referencia a que no conoc\u00eda los elementos del proceso y pidi\u00f3 el aplazamiento\u201d, indic\u00f3 Camacho, al ser cuestionado por periodistas de la fuente judicial sobre el aplazamiento de la audiencia.<\/p>\n\n\n\n<p>\u201cEvidentemente, a nosotros nos interesa que las decisiones que tomen los tribunales sean conformes al debido proceso, pero, reiteramos, primero est\u00e1bamos preparados, listos para conocer la audiencia en el d\u00eda de hoy, y adem\u00e1s, no vemos ninguna raz\u00f3n en lo que se ha planteado en ese recurso como para que se var\u00ede la medida de coerci\u00f3n que se le ha impuesto a Alejandro Jos\u00e9 Montero\u201d, dijo.<\/p>\n\n\n\n<p>En mayo pasado el Ministerio P\u00fablico present\u00f3 pruebas que llevaron a la justicia a imponer 18 meses de prisi\u00f3n preventiva en contra del sargento Montero Cruz, as\u00ed como del mayor general Ad\u00e1n C\u00e1ceres Silvestre, Rossy Guzm\u00e1n S\u00e1nchez, el cabo policial Tanner Antonio Flete Guzm\u00e1n, y el coronel policial Rafael N\u00fa\u00f1ez de Aza.<\/p>\n\n\n\n<p>En tanto que contra Ra\u00fal Alejandro Gir\u00f3n Jim\u00e9nez se orden\u00f3 el arresto domiciliario por razones de seguridad, por cooperar con la investigaci\u00f3n del Ministerio P\u00fablico.<\/p>\n\n\n\n<p>Los imputados guardan prisi\u00f3n en los centros de correcci\u00f3n y rehabilitaci\u00f3n de Najayo Hombres y Mujeres, en San Crist\u00f3bal, mientras el Ministerio P\u00fablico contin\u00faa con la investigaci\u00f3n del caso, que fue declarado de tramitaci\u00f3n compleja.<\/p>\n\n\n\n<p>El grupo es acusado de incurrir en asociaci\u00f3n de malhechores, estafa contra el Estado dominicano, coalici\u00f3n de funcionarios, falsificaci\u00f3n de documentos p\u00fablicos, lavado de activos provenientes de actos de corrupci\u00f3n y porte y tenencia ilegal de armas de fuego.<\/p>\n\n\n\n<p>La Pepca y la Direcci\u00f3n General de Persecuci\u00f3n del Ministerio P\u00fablico llevan a cabo la investigaci\u00f3n y litigaci\u00f3n del caso.<\/p>\n\n\n\n<p>El entramado criminal desarrollaba sus actividades delictivas en el Cuerpo de Seguridad Presidencial (Cusep) y en el Cuerpo Especializado de Seguridad Tur\u00edstica (Cestur), principalmente, con el abultamiento de la n\u00f3mina. Durante las pesquisas, el Ministerio P\u00fablico descubri\u00f3 que el coronel Rafael N\u00fa\u00f1ez de Aza tambi\u00e9n fungi\u00f3 como director financiero del Conani, a pesar de que no aparec\u00eda en los registros p\u00fablicos.<\/p>\n\n\n\n<p>El Ministerio P\u00fablico ha establecido en el transcurso del proceso judicial que realizaban operaciones fraudulentas para adquirir una gran cantidad de bienes muebles e inmuebles, veh\u00edculos de lujo y propiedades en diferentes lugares del pa\u00eds.<\/p>\n\n\n\n<p><strong>Direcci\u00f3n de Comunicaci\u00f3n y Prensa<\/strong><\/p>\n\n\n\n<p><strong>Procuradur\u00eda General-Ministerio P\u00fablico RD<\/strong><\/p>\n\n\n\n<p><strong>Jueves, 4 de noviembre de 2021.<\/strong><\/p>\n","protected":false},"excerpt":{"rendered":"<p>SANTO DOMINGO, Rep\u00fablica Dominicana.- El procurador adjunto Wilson Camacho asegur\u00f3 este jueves que el sistema de justicia no tiene ninguna raz\u00f3n para variar la prisi\u00f3n al sargento de la Armada Alejandro Jos\u00e9 Montero Cruz, uno de los involucrados en el Caso Coral. El titular de la Procuradur\u00eda Especializada de Persecuci\u00f3n de la Corrupci\u00f3n Administrativa (Pepca) [&hellip;]<\/p>\n","protected":false},"author":2,"featured_media":306005,"comment_status":"closed","ping_status":"","sticky":true,"template":"","format":"standard","meta":{"footnotes":""},"categories":[24,27],"tags":[],"class_list":["post-306003","post","type-post","status-publish","format-standard","has-post-thumbnail","hentry","category-justicia-y-derecho","category-portada"],"_links":{"self":[{"href":"https:\/\/diariodominicano.com\/index.php?rest_route=\/wp\/v2\/posts\/306003","targetHints":{"allow":["GET"]}}],"collection":[{"href":"https:\/\/diariodominicano.com\/index.php?rest_route=\/wp\/v2\/posts"}],"about":[{"href":"https:\/\/diariodominicano.com\/index.php?rest_route=\/wp\/v2\/types\/post"}],"author":[{"embeddable":true,"href":"https:\/\/diariodominicano.com\/index.php?rest_route=\/wp\/v2\/users\/2"}],"replies":[{"embeddable":true,"href":"https:\/\/diariodominicano.com\/index.php?rest_route=%2Fwp%2Fv2%2Fcomments&post=306003"}],"version-history":[{"count":1,"href":"https:\/\/diariodominicano.com\/index.php?rest_route=\/wp\/v2\/posts\/306003\/revisions"}],"predecessor-version":[{"id":306006,"href":"https:\/\/diariodominicano.com\/index.php?rest_route=\/wp\/v2\/posts\/306003\/revisions\/306006"}],"wp:featuredmedia":[{"embeddable":true,"href":"https:\/\/diariodominicano.com\/index.php?rest_route=\/wp\/v2\/media\/306005"}],"wp:attachment":[{"href":"https:\/\/diariodominicano.com\/index.php?rest_route=%2Fwp%2Fv2%2Fmedia&parent=306003"}],"wp:term":[{"taxonomy":"category","embeddable":true,"href":"https:\/\/diariodominicano.com\/index.php?rest_route=%2Fwp%2Fv2%2Fcategories&post=306003"},{"taxonomy":"post_tag","embeddable":true,"href":"https:\/\/diariodominicano.com\/index.php?rest_route=%2Fwp%2Fv2%2Ftags&post=306003"}],"curies":[{"name":"wp","href":"https:\/\/api.w.org\/{rel}","templated":true}]}}